{"id":3534,"date":"2019-01-11T22:46:21","date_gmt":"2019-01-11T21:46:21","guid":{"rendered":"http:\/\/www.skyrunning-serbia.com\/?p=3534"},"modified":"2019-01-11T22:50:29","modified_gmt":"2019-01-11T21:50:29","slug":"intervju-sa-osnivacem-i-direktorom-jadovnickog-ultramaratona","status":"publish","type":"post","link":"https:\/\/www.skyrunning-serbia.com\/en\/intervju-sa-osnivacem-i-direktorom-jadovnickog-ultramaratona\/","title":{"rendered":"Intervju sa osniva\u010dem i direktorom Jadovni\u010dkog ultramaratona"},"content":{"rendered":"<p><strong>1. Kako se rodila ideja da organizujete Jadovni\u010dki maraton?<\/strong> Grupa nas Prijepoljaca krenula je u poslednjih 10-tak godina sa u\u010de\u0161\u0107em na brdskim trkama a onda, poznavaju\u0107i Jadovnik, do\u0161li smo na ideju da se i na njemu mo\u017ee organizovati trka. Formirali smo klub iz razloga organizacije i pripreme maratona. Razlog vi\u0161e je taj, \u0161to je to dobar na\u010din da promovi\u0161emo Jadovnik i ceo kraj u celini, skupa sa Prijepoljem. U po\u010detku smo bili sumnji\u010davi da mo\u017eemo imati mnogo takmi\u010dara, jer smo nepoznati i kao pojedinci i kao klub, a i sama planina je nepoznata ve\u0107ini ljudi iz Srbije, da ne pominjemo \u0161ire.<!--more--><\/p>\n<p><strong>2. Koliko je naporno organizovati manifestaciju?<\/strong> Da bi se organizovala jedna ovakva manifestacija na prvom mestu je potreban timski rad, a to podrazumeva prvenstveno ljude dobre volje koji to ho\u0107e i vole da rade bez intersa tj. dobiti. Bilo nam je jasno, po uzoru na neke druge trke, da se nikada ne smije osjetiti nikakav interes kojeg stvarno nije ni bilo, osim u delu pokrivanja tro\u0161kova. Nije lako u vreme ekonomske krize organizovati ovakve trke, sve se lomi na nama. Pomo\u0107 od lokalnog sportskog saveza nemamo, trke ovog tipa (\u0161to i sami znamo) nisu prepoznate kod nas naro\u010dito. Nepoznat nam je razlog da se finansira tamo neka \u0161tafeta, gde se tr\u010di 100 ili vi\u0161e metara sa par\u010detom drveta u ruci. Na\u0161 tip trke, gde se prolaze predeli, zahteva veliku fizi\u010dku i mentalnu snagu. Pove\u0107anjem broja sportista ovakvog tipa i dr\u017eava bi mogla da ra\u010duna u nekim momentima. Ostaje da vreme poka\u017ee svoje i da se nadamo boljim danima po nas ultra\u0161e.<\/p>\n<p><strong>3. Da li se vide rezultati u lokalu nakon \u010detiri izdanja?<\/strong> Rezultati su vidni nakon \u010detiri izdanja Jadovni\u010dkog ultramaratona. Ovo cenim na osnovu javnog mnjenja kako na lokalu, tako i \u0161ire. Najbolji sud su sami takmi\u010dari koji odu sa Jadovnika, sre\u0107ni i zadovoljni. Lokalna samouprava je odala priznanje za ovu manifestaciju, a naro\u010dito Turisti\u010dka organizacija Prijepolja. Eparhija Mile\u0161evska tako\u0111e je podr\u017eala manifestaciju i smatra da, uz jo\u0161 nekoliko manifestacija, prethodi velikom jubileju 800 godina Mile\u0161eve. Kratko re\u010deno, ovo je vode\u0107a manifestacija u Prijepolju u poslednje dve godine. Ne pominjemo dobit grada, tj. restorana, kafana, hotela i tako dalje, koju imaju po osnovu broja u\u010desnika maratona.<\/p>\n<p><strong>4. Kako vidite na\u0161u planinsko-trka\u010dku scenu?<\/strong> Planinsko-trka\u010dka scena u Srbiji je u velikom usponu. Ako je ne\u0161to brojno, onda ga treba i ure\u0111ivati zakonskim aktima, u smislu obaveza organizatora prema takmi\u010darima i dr\u017eavi, ali i takmi\u010dara prema organizatoru, a ne kao sad da svako ko odlu\u010di da pravi svoju trku, uz nju i pravila donosi. Treba se &#8222;boriti&#8220; da ova vrsta sporta bude i zvani\u010dno priznata i bodovana uz formiranje posebnog saveza koji bi bio pod okriljem dr\u017eave. Ovaj sport zaslu\u017euje da bude olimpijski, ovde se pokazuje spremnost i istrajnost.<\/p>\n<p><strong>5. Najbolje od Jadovnika za jednodnevni obilazak, Va\u0161a preporuka?<\/strong> Najbolje od Jadovnika za jedan dan jeste polazak od manastira Mile\u0161eve i prolazak platoom uz obilazak 5 vidikovaca (Fijulj, Vitiljka, Vrani\u0107a stjene, Katuni\u0107 i Savin kr\u0161) sa kojih &#8222;puca&#8220; pogled na Durmitor, Sinjajevinu, Bjelasicu, Komove, Ljubi\u0161nju, Prokletije. Sa druge strane vidite Goliju, Kopaonik, Zlatar, Zlatibor itd. Ovaj skriveni plato, prekriven livadama i niskim rastinjem, duga\u010dak je 14 km a \u0161irok 5 km i zaista je poseban do\u017eivljaj pro\u0107i ga. Uz ovu varijantu, za malo hitrije noge mo\u017ee se pro\u0107i i kanjon do izvora Mile\u0161evke na Jadovniku. Napominjemo da su na podru\u010dju Jadovnika progla\u0161ena tri za\u0161ti\u0107ena podru\u010dja. Od pet reka, koje se kre\u0107u ka Limu sa Jadovnika, svih pet je pod za\u0161titom celim svojim tokom.<\/p>\n<p><strong>6. Koji je motiv da se nastavi dalje?<\/strong> Motiv koji mi je najbitniji, jedini i najiskreniji, jeste da Jadovnik vidi i zavoli \u0161to vi\u0161e ljudi. Drugi motiv ne postoji. Eventualnim &#8222;ga\u0161enjem&#8220; ove trke (osim od strane par planinarskih dru\u0161tava) ovo bi bila zaboravljena planina. Ukoliko se to desi, i sportisti i ljubitelji prirode ne budu pohodili Jadovnik, pravila na njoj \u0107e poku\u0161ati da uspostave krivolovci i njima sli\u010dni.<\/p>\n<p><strong>7. Omiljena trka u regionu?<\/strong> \u0160to se ti\u010de omiljenih trka u regionu, te\u0161ko je odgovoriti jer ve\u0107ina njih se organizuje par puta i posle toga ih vi\u0161e nema. Jedna opstaje, i da nam ne zameri Jadovnik, moram priznati da je to Stara planina. Ona je ina\u010de dosta sli\u010dna na\u0161em Jadovniku po mnogo \u010demu, i odatle je ovakva ocena.<\/p>\n<p><strong>8. \u0160ta bi poru\u010dili novim organizacijama, koje su to najbitnije stavke za realizaciju planinskih maratona?<\/strong> Da ne budem pogre\u0161no shva\u0107en, ali je moja poruka da se ne upu\u0161taju u ovakve organizacije tek reda radi. Ve\u0107 da imaju ozbiljan plan. Najgori slu\u010daj je da budu vo\u0111eni samo li\u010dnim interesima, takve trke su u startu osu\u0111ene na neuspeh. Moraju da slo\u017ee mnogo kockica do uspe\u0161ne organizacije, a najbitnija je da takmi\u010dari odu sre\u0107ni i zadovoljni sa trke. Po meni, poseban deo su \u201cnagrade\u201d. Tu mislim na u\u010desni\u010dke medalje, svi mi koji se takmi\u010dimo volimo fini\u0161erske medalje. Kad pogledamo na zid ta medalja nas podse\u0107a na tu trku. Mislim da treba razdvojiti i kategorije po starosnim granicama. Zaista nije isto da se takmi\u010de (pore\u0111enja radi) trka\u010di, koji su ispod 30 godina, sa trka\u010dima koji su 50+.<\/p>\n<p><strong>9. Kakvi su planovi u narednih nekoliko godina?<\/strong> U narednih nekoliko godina treba unapre\u0111ivati trku, \u0161iriti tj. pove\u0107evati broj u\u010desnika, a naro\u010dito u\u010desnike van Srbije. Ostvariti saradnju sa \u0161to ve\u0107im brojem institucija sa ciljem konkretne podr\u0161ke, i to u bilo kom segmentu. Promovisati trku na velikim trkama van granica Srbije. Preko medija kako dr\u017eavnih, tako i lokalnih. Pored \u010detiri izdanja, jo\u0161 uvek velik broj samih Prijepoljaca ne zna da se ova trka organizuje.<\/p>\n<p>(KES Fijulj \u2013 Vjekoslav S. Joksimovi\u0107)<\/p>\n<p><img loading=\"lazy\" decoding=\"async\" class=\"aligncenter size-full wp-image-3535\" src=\"http:\/\/www.skyrunning-serbia.com\/wp-content\/uploads\/2019\/01\/Jadovnicki-ultramaraton-2019-fb-cover.jpg\" alt=\"\" width=\"851\" height=\"315\" srcset=\"https:\/\/www.skyrunning-serbia.com\/wp-content\/uploads\/2019\/01\/Jadovnicki-ultramaraton-2019-fb-cover.jpg 851w, https:\/\/www.skyrunning-serbia.com\/wp-content\/uploads\/2019\/01\/Jadovnicki-ultramaraton-2019-fb-cover-300x111.jpg 300w, https:\/\/www.skyrunning-serbia.com\/wp-content\/uploads\/2019\/01\/Jadovnicki-ultramaraton-2019-fb-cover-768x284.jpg 768w\" sizes=\"auto, (max-width:767px) 480px, (max-width:851px) 100vw, 851px\" \/><\/p>","protected":false},"excerpt":{"rendered":"<p>1. Kako se rodila ideja da organizujete Jadovni\u010dki maraton? Grupa nas Prijepoljaca krenula je u poslednjih 10-tak godina sa u\u010de\u0161\u0107em<span class=\"excerpt-hellip\"> [\u2026]<\/span><\/p>\n","protected":false},"author":1,"featured_media":3537,"comment_status":"closed","ping_status":"open","sticky":false,"template":"","format":"standard","meta":{"ngg_post_thumbnail":0,"footnotes":"","_links_to":"","_links_to_target":""},"categories":[5],"tags":[],"class_list":["post-3534","post","type-post","status-publish","format-standard","has-post-thumbnail","hentry","category-vesti"],"yoast_head":"<!-- This site is optimized with the Yoast SEO plugin v27.4 - https:\/\/yoast.com\/product\/yoast-seo-wordpress\/ -->\n<title>Intervju sa osniva\u010dem i direktorom Jadovni\u010dkog ultramaratona - Skyrunning Serbia &amp; Montenegro<\/title>\n<meta name=\"robots\" content=\"index, follow, max-snippet:-1, max-image-preview:large, max-video-preview:-1\" \/>\n<link rel=\"canonical\" href=\"https:\/\/www.skyrunning-serbia.com\/en\/intervju-sa-osnivacem-i-direktorom-jadovnickog-ultramaratona\/\" \/>\n<meta property=\"og:locale\" content=\"en_US\" \/>\n<meta property=\"og:type\" content=\"article\" \/>\n<meta property=\"og:title\" content=\"Intervju sa osniva\u010dem i direktorom Jadovni\u010dkog ultramaratona\" \/>\n<meta property=\"og:description\" content=\"Grupa nas Prijepoljaca krenula je u poslednjih 10-tak godina sa u\u010de\u0161\u0107em na brdskim trkama a onda, poznavaju\u0107i Jadovnik, do\u0161li smo na ideju da se i na njemu mo\u017ee organizovati trka. Formirali smo klub iz razloga organizacije i pripreme maratona. Razlog vi\u0161e je taj, \u0161to je to dobar na\u010din da promovi\u0161emo Jadovnik i ceo kraj u celini, skupa sa Prijepoljem.\" \/>\n<meta property=\"og:url\" content=\"https:\/\/www.skyrunning-serbia.com\/en\/intervju-sa-osnivacem-i-direktorom-jadovnickog-ultramaratona\/\" \/>\n<meta property=\"og:site_name\" content=\"Skyrunning Serbia &amp; Montenegro\" \/>\n<meta property=\"article:published_time\" content=\"2019-01-11T21:46:21+00:00\" \/>\n<meta property=\"article:modified_time\" content=\"2019-01-11T21:50:29+00:00\" \/>\n<meta property=\"og:image\" content=\"http:\/\/www.skyrunning-serbia.com\/wp-content\/uploads\/2019\/01\/v1.jpg\" \/>\n<meta name=\"author\" content=\"skyadmin\" \/>\n<meta name=\"twitter:label1\" content=\"Written by\" \/>\n\t<meta name=\"twitter:data1\" content=\"skyadmin\" \/>\n\t<meta name=\"twitter:label2\" content=\"Est. reading time\" \/>\n\t<meta name=\"twitter:data2\" content=\"5 minutes\" \/>\n<script type=\"application\/ld+json\" class=\"yoast-schema-graph\">{\"@context\":\"https:\\\/\\\/schema.org\",\"@graph\":[{\"@type\":\"Article\",\"@id\":\"https:\\\/\\\/www.skyrunning-serbia.com\\\/intervju-sa-osnivacem-i-direktorom-jadovnickog-ultramaratona\\\/#article\",\"isPartOf\":{\"@id\":\"https:\\\/\\\/www.skyrunning-serbia.com\\\/intervju-sa-osnivacem-i-direktorom-jadovnickog-ultramaratona\\\/\"},\"author\":{\"name\":\"skyadmin\",\"@id\":\"https:\\\/\\\/www.skyrunning-serbia.com\\\/#\\\/schema\\\/person\\\/93198a35ee06b0979ba2c23295091fd1\"},\"headline\":\"Intervju sa osniva\u010dem i direktorom Jadovni\u010dkog ultramaratona\",\"datePublished\":\"2019-01-11T21:46:21+00:00\",\"dateModified\":\"2019-01-11T21:50:29+00:00\",\"mainEntityOfPage\":{\"@id\":\"https:\\\/\\\/www.skyrunning-serbia.com\\\/intervju-sa-osnivacem-i-direktorom-jadovnickog-ultramaratona\\\/\"},\"wordCount\":1018,\"image\":{\"@id\":\"https:\\\/\\\/www.skyrunning-serbia.com\\\/intervju-sa-osnivacem-i-direktorom-jadovnickog-ultramaratona\\\/#primaryimage\"},\"thumbnailUrl\":\"https:\\\/\\\/www.skyrunning-serbia.com\\\/wp-content\\\/uploads\\\/2019\\\/01\\\/Vjekoslav.jpg\",\"articleSection\":[\"Vesti\"],\"inLanguage\":\"en-US\"},{\"@type\":\"WebPage\",\"@id\":\"https:\\\/\\\/www.skyrunning-serbia.com\\\/intervju-sa-osnivacem-i-direktorom-jadovnickog-ultramaratona\\\/\",\"url\":\"https:\\\/\\\/www.skyrunning-serbia.com\\\/intervju-sa-osnivacem-i-direktorom-jadovnickog-ultramaratona\\\/\",\"name\":\"Intervju sa osniva\u010dem i direktorom Jadovni\u010dkog ultramaratona - Skyrunning Serbia &amp; Montenegro\",\"isPartOf\":{\"@id\":\"https:\\\/\\\/www.skyrunning-serbia.com\\\/#website\"},\"primaryImageOfPage\":{\"@id\":\"https:\\\/\\\/www.skyrunning-serbia.com\\\/intervju-sa-osnivacem-i-direktorom-jadovnickog-ultramaratona\\\/#primaryimage\"},\"image\":{\"@id\":\"https:\\\/\\\/www.skyrunning-serbia.com\\\/intervju-sa-osnivacem-i-direktorom-jadovnickog-ultramaratona\\\/#primaryimage\"},\"thumbnailUrl\":\"https:\\\/\\\/www.skyrunning-serbia.com\\\/wp-content\\\/uploads\\\/2019\\\/01\\\/Vjekoslav.jpg\",\"datePublished\":\"2019-01-11T21:46:21+00:00\",\"dateModified\":\"2019-01-11T21:50:29+00:00\",\"author\":{\"@id\":\"https:\\\/\\\/www.skyrunning-serbia.com\\\/#\\\/schema\\\/person\\\/93198a35ee06b0979ba2c23295091fd1\"},\"breadcrumb\":{\"@id\":\"https:\\\/\\\/www.skyrunning-serbia.com\\\/intervju-sa-osnivacem-i-direktorom-jadovnickog-ultramaratona\\\/#breadcrumb\"},\"inLanguage\":\"en-US\",\"potentialAction\":[{\"@type\":\"ReadAction\",\"target\":[\"https:\\\/\\\/www.skyrunning-serbia.com\\\/intervju-sa-osnivacem-i-direktorom-jadovnickog-ultramaratona\\\/\"]}]},{\"@type\":\"ImageObject\",\"inLanguage\":\"en-US\",\"@id\":\"https:\\\/\\\/www.skyrunning-serbia.com\\\/intervju-sa-osnivacem-i-direktorom-jadovnickog-ultramaratona\\\/#primaryimage\",\"url\":\"https:\\\/\\\/www.skyrunning-serbia.com\\\/wp-content\\\/uploads\\\/2019\\\/01\\\/Vjekoslav.jpg\",\"contentUrl\":\"https:\\\/\\\/www.skyrunning-serbia.com\\\/wp-content\\\/uploads\\\/2019\\\/01\\\/Vjekoslav.jpg\",\"width\":1200,\"height\":800},{\"@type\":\"BreadcrumbList\",\"@id\":\"https:\\\/\\\/www.skyrunning-serbia.com\\\/intervju-sa-osnivacem-i-direktorom-jadovnickog-ultramaratona\\\/#breadcrumb\",\"itemListElement\":[{\"@type\":\"ListItem\",\"position\":1,\"name\":\"Home\",\"item\":\"https:\\\/\\\/www.skyrunning-serbia.com\\\/\"},{\"@type\":\"ListItem\",\"position\":2,\"name\":\"Intervju sa osniva\u010dem i direktorom Jadovni\u010dkog ultramaratona\"}]},{\"@type\":\"WebSite\",\"@id\":\"https:\\\/\\\/www.skyrunning-serbia.com\\\/#website\",\"url\":\"https:\\\/\\\/www.skyrunning-serbia.com\\\/\",\"name\":\"Skyrunning Serbia &amp; Montenegro\",\"description\":\"Nebesko Tr\u010danje - Srbija\",\"potentialAction\":[{\"@type\":\"SearchAction\",\"target\":{\"@type\":\"EntryPoint\",\"urlTemplate\":\"https:\\\/\\\/www.skyrunning-serbia.com\\\/?s={search_term_string}\"},\"query-input\":{\"@type\":\"PropertyValueSpecification\",\"valueRequired\":true,\"valueName\":\"search_term_string\"}}],\"inLanguage\":\"en-US\"},{\"@type\":\"Person\",\"@id\":\"https:\\\/\\\/www.skyrunning-serbia.com\\\/#\\\/schema\\\/person\\\/93198a35ee06b0979ba2c23295091fd1\",\"name\":\"skyadmin\",\"image\":{\"@type\":\"ImageObject\",\"inLanguage\":\"en-US\",\"@id\":\"https:\\\/\\\/secure.gravatar.com\\\/avatar\\\/cef2ec2788e98eae5789495bbcd974b2be11da02117773b8568418deeedc58b6?s=96&d=mm&r=g\",\"url\":\"https:\\\/\\\/secure.gravatar.com\\\/avatar\\\/cef2ec2788e98eae5789495bbcd974b2be11da02117773b8568418deeedc58b6?s=96&d=mm&r=g\",\"contentUrl\":\"https:\\\/\\\/secure.gravatar.com\\\/avatar\\\/cef2ec2788e98eae5789495bbcd974b2be11da02117773b8568418deeedc58b6?s=96&d=mm&r=g\",\"caption\":\"skyadmin\"},\"url\":\"https:\\\/\\\/www.skyrunning-serbia.com\\\/en\\\/author\\\/skyadmin\\\/\"}]}<\/script>\n<!-- \/ Yoast SEO plugin. -->","yoast_head_json":{"title":"Intervju sa osniva\u010dem i direktorom Jadovni\u010dkog ultramaratona - Skyrunning Serbia &amp; Montenegro","robots":{"index":"index","follow":"follow","max-snippet":"max-snippet:-1","max-image-preview":"max-image-preview:large","max-video-preview":"max-video-preview:-1"},"canonical":"https:\/\/www.skyrunning-serbia.com\/en\/intervju-sa-osnivacem-i-direktorom-jadovnickog-ultramaratona\/","og_locale":"en_US","og_type":"article","og_title":"Intervju sa osniva\u010dem i direktorom Jadovni\u010dkog ultramaratona","og_description":"Grupa nas Prijepoljaca krenula je u poslednjih 10-tak godina sa u\u010de\u0161\u0107em na brdskim trkama a onda, poznavaju\u0107i Jadovnik, do\u0161li smo na ideju da se i na njemu mo\u017ee organizovati trka. Formirali smo klub iz razloga organizacije i pripreme maratona. Razlog vi\u0161e je taj, \u0161to je to dobar na\u010din da promovi\u0161emo Jadovnik i ceo kraj u celini, skupa sa Prijepoljem.","og_url":"https:\/\/www.skyrunning-serbia.com\/en\/intervju-sa-osnivacem-i-direktorom-jadovnickog-ultramaratona\/","og_site_name":"Skyrunning Serbia &amp; Montenegro","article_published_time":"2019-01-11T21:46:21+00:00","article_modified_time":"2019-01-11T21:50:29+00:00","og_image":[{"url":"http:\/\/www.skyrunning-serbia.com\/wp-content\/uploads\/2019\/01\/v1.jpg","type":"","width":"","height":""}],"author":"skyadmin","twitter_misc":{"Written by":"skyadmin","Est. reading time":"5 minutes"},"schema":{"@context":"https:\/\/schema.org","@graph":[{"@type":"Article","@id":"https:\/\/www.skyrunning-serbia.com\/intervju-sa-osnivacem-i-direktorom-jadovnickog-ultramaratona\/#article","isPartOf":{"@id":"https:\/\/www.skyrunning-serbia.com\/intervju-sa-osnivacem-i-direktorom-jadovnickog-ultramaratona\/"},"author":{"name":"skyadmin","@id":"https:\/\/www.skyrunning-serbia.com\/#\/schema\/person\/93198a35ee06b0979ba2c23295091fd1"},"headline":"Intervju sa osniva\u010dem i direktorom Jadovni\u010dkog ultramaratona","datePublished":"2019-01-11T21:46:21+00:00","dateModified":"2019-01-11T21:50:29+00:00","mainEntityOfPage":{"@id":"https:\/\/www.skyrunning-serbia.com\/intervju-sa-osnivacem-i-direktorom-jadovnickog-ultramaratona\/"},"wordCount":1018,"image":{"@id":"https:\/\/www.skyrunning-serbia.com\/intervju-sa-osnivacem-i-direktorom-jadovnickog-ultramaratona\/#primaryimage"},"thumbnailUrl":"https:\/\/www.skyrunning-serbia.com\/wp-content\/uploads\/2019\/01\/Vjekoslav.jpg","articleSection":["Vesti"],"inLanguage":"en-US"},{"@type":"WebPage","@id":"https:\/\/www.skyrunning-serbia.com\/intervju-sa-osnivacem-i-direktorom-jadovnickog-ultramaratona\/","url":"https:\/\/www.skyrunning-serbia.com\/intervju-sa-osnivacem-i-direktorom-jadovnickog-ultramaratona\/","name":"Intervju sa osniva\u010dem i direktorom Jadovni\u010dkog ultramaratona - Skyrunning Serbia &amp; Montenegro","isPartOf":{"@id":"https:\/\/www.skyrunning-serbia.com\/#website"},"primaryImageOfPage":{"@id":"https:\/\/www.skyrunning-serbia.com\/intervju-sa-osnivacem-i-direktorom-jadovnickog-ultramaratona\/#primaryimage"},"image":{"@id":"https:\/\/www.skyrunning-serbia.com\/intervju-sa-osnivacem-i-direktorom-jadovnickog-ultramaratona\/#primaryimage"},"thumbnailUrl":"https:\/\/www.skyrunning-serbia.com\/wp-content\/uploads\/2019\/01\/Vjekoslav.jpg","datePublished":"2019-01-11T21:46:21+00:00","dateModified":"2019-01-11T21:50:29+00:00","author":{"@id":"https:\/\/www.skyrunning-serbia.com\/#\/schema\/person\/93198a35ee06b0979ba2c23295091fd1"},"breadcrumb":{"@id":"https:\/\/www.skyrunning-serbia.com\/intervju-sa-osnivacem-i-direktorom-jadovnickog-ultramaratona\/#breadcrumb"},"inLanguage":"en-US","potentialAction":[{"@type":"ReadAction","target":["https:\/\/www.skyrunning-serbia.com\/intervju-sa-osnivacem-i-direktorom-jadovnickog-ultramaratona\/"]}]},{"@type":"ImageObject","inLanguage":"en-US","@id":"https:\/\/www.skyrunning-serbia.com\/intervju-sa-osnivacem-i-direktorom-jadovnickog-ultramaratona\/#primaryimage","url":"https:\/\/www.skyrunning-serbia.com\/wp-content\/uploads\/2019\/01\/Vjekoslav.jpg","contentUrl":"https:\/\/www.skyrunning-serbia.com\/wp-content\/uploads\/2019\/01\/Vjekoslav.jpg","width":1200,"height":800},{"@type":"BreadcrumbList","@id":"https:\/\/www.skyrunning-serbia.com\/intervju-sa-osnivacem-i-direktorom-jadovnickog-ultramaratona\/#breadcrumb","itemListElement":[{"@type":"ListItem","position":1,"name":"Home","item":"https:\/\/www.skyrunning-serbia.com\/"},{"@type":"ListItem","position":2,"name":"Intervju sa osniva\u010dem i direktorom Jadovni\u010dkog ultramaratona"}]},{"@type":"WebSite","@id":"https:\/\/www.skyrunning-serbia.com\/#website","url":"https:\/\/www.skyrunning-serbia.com\/","name":"Skyrunning Serbia &amp; Montenegro","description":"Nebesko Tr\u010danje - Srbija","potentialAction":[{"@type":"SearchAction","target":{"@type":"EntryPoint","urlTemplate":"https:\/\/www.skyrunning-serbia.com\/?s={search_term_string}"},"query-input":{"@type":"PropertyValueSpecification","valueRequired":true,"valueName":"search_term_string"}}],"inLanguage":"en-US"},{"@type":"Person","@id":"https:\/\/www.skyrunning-serbia.com\/#\/schema\/person\/93198a35ee06b0979ba2c23295091fd1","name":"skyadmin","image":{"@type":"ImageObject","inLanguage":"en-US","@id":"https:\/\/secure.gravatar.com\/avatar\/cef2ec2788e98eae5789495bbcd974b2be11da02117773b8568418deeedc58b6?s=96&d=mm&r=g","url":"https:\/\/secure.gravatar.com\/avatar\/cef2ec2788e98eae5789495bbcd974b2be11da02117773b8568418deeedc58b6?s=96&d=mm&r=g","contentUrl":"https:\/\/secure.gravatar.com\/avatar\/cef2ec2788e98eae5789495bbcd974b2be11da02117773b8568418deeedc58b6?s=96&d=mm&r=g","caption":"skyadmin"},"url":"https:\/\/www.skyrunning-serbia.com\/en\/author\/skyadmin\/"}]}},"_links":{"self":[{"href":"https:\/\/www.skyrunning-serbia.com\/en\/wp-json\/wp\/v2\/posts\/3534","targetHints":{"allow":["GET"]}}],"collection":[{"href":"https:\/\/www.skyrunning-serbia.com\/en\/wp-json\/wp\/v2\/posts"}],"about":[{"href":"https:\/\/www.skyrunning-serbia.com\/en\/wp-json\/wp\/v2\/types\/post"}],"author":[{"embeddable":true,"href":"https:\/\/www.skyrunning-serbia.com\/en\/wp-json\/wp\/v2\/users\/1"}],"replies":[{"embeddable":true,"href":"https:\/\/www.skyrunning-serbia.com\/en\/wp-json\/wp\/v2\/comments?post=3534"}],"version-history":[{"count":1,"href":"https:\/\/www.skyrunning-serbia.com\/en\/wp-json\/wp\/v2\/posts\/3534\/revisions"}],"predecessor-version":[{"id":3536,"href":"https:\/\/www.skyrunning-serbia.com\/en\/wp-json\/wp\/v2\/posts\/3534\/revisions\/3536"}],"wp:featuredmedia":[{"embeddable":true,"href":"https:\/\/www.skyrunning-serbia.com\/en\/wp-json\/wp\/v2\/media\/3537"}],"wp:attachment":[{"href":"https:\/\/www.skyrunning-serbia.com\/en\/wp-json\/wp\/v2\/media?parent=3534"}],"wp:term":[{"taxonomy":"category","embeddable":true,"href":"https:\/\/www.skyrunning-serbia.com\/en\/wp-json\/wp\/v2\/categories?post=3534"},{"taxonomy":"post_tag","embeddable":true,"href":"https:\/\/www.skyrunning-serbia.com\/en\/wp-json\/wp\/v2\/tags?post=3534"}],"curies":[{"name":"wp","href":"https:\/\/api.w.org\/{rel}","templated":true}]}}