{"id":3170,"date":"2017-08-13T17:26:05","date_gmt":"2017-08-13T15:26:05","guid":{"rendered":"http:\/\/www.skyrunning-serbia.com\/?p=3170"},"modified":"2017-08-13T17:26:05","modified_gmt":"2017-08-13T15:26:05","slug":"tromso-sky-race-2017","status":"publish","type":"post","link":"https:\/\/www.skyrunning-serbia.com\/en\/tromso-sky-race-2017\/","title":{"rendered":"Tromso sky race 2017"},"content":{"rendered":"<p>Protekli vikend, kao \u0161to ve\u0107ina vas zna, bili smo u Norve\u0161koj na jednoj od najpresti\u017enijih i najte\u017eih trka u okviru svetske skyrunning lige.&nbsp;<\/p>\n<p>Srbiju i srpski Skyrunning predstavio je Du\u0161an Bazi\u0107 sa Kopaonika.<\/p>\n<p>Mesto odr\u017eavanja trke bio je grad Tromso, najseverniji grad u Norve\u0161koj.<br \/>\nPut do Tromsa trajao je dvanaest sati, sa \u0161est sati leta i tri izmene&nbsp; aviona.&nbsp; Konekcija je bila Beograd-Frankfurt-Oslo-Tromso.<br \/>\nPoleteli smo u sredu rano ujutru kako bi imali ceo naredni dan za odmaranje pred Du\u0161anovu trku, vertikalni kilometar, koja je bila po rasporedu u petak.<br \/>\n<!--more--><br \/>\nU sredu, kasno popodne sle\u0107emo u Tromso, izlazimo sa aerodroma i ubrzo sledi osve\u017eenje kakvo nismo o\u010dekivali. Sve\u017e, bridak planinski vazduh,&nbsp; pome\u0161an sa slanim morskim vazduhom. Prava fantazija i odli\u010dna promena posle toliko sati sedenja po avionima.&nbsp; Sledi &nbsp;autobus do centra Tromsa i odatle snala\u017eenje do kampa gde smo trebali da se smestimo.&nbsp; Kada sam pre polaska pravio plan puta, pratio sam okvirne instrukcije organizatora koje su bile istaknute na zvani\u010dnom sajtu. Opcije za no\u0107enje su bile spavanje po hotelima&nbsp; ili jedan odli\u010dan kamp sa bungalovima i mestima za \u0161atore. &nbsp;Zbog velike frekvencije turista, pa i samih u\u010desnika trke, jako je bilo te\u0161ko prona\u0107i slobodan sme\u0161taj tokom svih dana na\u0161eg boravka. &nbsp;Doneli smo odluku da&nbsp; nosimo \u0161ator i vre\u0107e kako ne bi rizikovali sme\u0161taj, a svaka bolja opcija je bila dobrodo\u0161la. Ubrzo nakon pristizanja, pronalazimo mesto u okviru kampa, u\u0161u\u0161kano u \u0161umarku gde proti\u010de re\u010dica sa bistrom i pitkom vodom. &nbsp;Kamp nam je nudio svu komociju, tople tu\u0161eve, saunu, kuhinju, wi-fi , i sve to na dva minuta od mesta gde smo postavili &#8222;na\u0161u ku\u0107u&#8220;.&nbsp; \u0160to se ti\u010de Du\u0161ana i mene, ovakav ugo\u0111aj nijedan hotel nije mogao da nam pru\u017ei. Narednih dana upoznajemo jo\u0161 &nbsp;trka\u010da iz raznih zemalja koji su se odlu\u010dili za ovu varijantu.<\/p>\n<p>\u010cetvrtak provodimo sasvim opu\u0161teno. Razgledamo grad i u\u017eivamo u pogledu na more i okolne planine koje na sebi&nbsp; jo\u0161 uvek imaju snega. Ono \u0161to se odmah dalo primetiti je da planine nisu visoke ali da su izuzetno strme i &nbsp;&#8222;nazubljene&#8220;.&nbsp; Jedan vrh koji se posebno isticao, budio nam je ma\u0161tu a mi smo se neprekidno osvrtali ka njemu.&nbsp; Njega ni\u0161ta nije moglo da zakloni, on je naprosto dominirao. Visok, strm, o\u0161tar i ceo u kamenu. &nbsp;Diskutovali smo kako se na njega sigurno &nbsp;norve\u017eani penju i kako bi &nbsp;voleli da ga vidimo &nbsp;makar izbliza. Dan polako privodimo kraju, odlu\u010dujemo da ranije legnemo i dobro se naspavamo jer su se startni paketi podizali u petak pre podne a mi smo hteli da budemo tamo i pre vremena kako bi uspeli da razgovaramo sa organizatorima.<\/p>\n<p><strong>Petak- dan trke.<\/strong><\/p>\n<p>&nbsp;Preuzimanje startnih paketa je bilo u velikoj sali hotela gde je i bila baza trke. Pore\u0111ani stolovi, nekoliko volontera, ka\u017eete svoj startni broj, dobijete Bib i u\u010desni\u010dku majicu. Mi smo imali sre\u0107e \u0161to je na\u0161 volonter bila harizmati\u010dna i nasmejana Emelie Forsberg, organizator trke i ujedno jedna od najboljih brdskih trka\u010dica sveta. &nbsp;Zadovoljstvo je bilo porazgovarati sa njom. &nbsp;Nakon toga odlazimo nazad do kampa da se Du\u0161an pripremi za trku i uzme sve potrebne stvari.<\/p>\n<p>Trka je po planu trebala da po\u010dne u 15.00h, a takmi\u010dare su u\u010desni\u010dki autobusi vozili do mesta starta koje je bilo udaljeno nekih tridesetak minuta vo\u017enje od centra grada. Ulazimo u autobus i kre\u0107e kratka ekskurzija po okolini Tromsa. Smenjuju se pejza\u017ei i mi pristi\u017eemo polako. &nbsp;Du\u0161an i ja ubrzo shvatamo gde smo do\u0161li. Trka \u0107e da se odr\u017ei upravo na onom vrhu koji smo gledali iz Tromsa.<br \/>\nStart je bio vrlo skroman, dva jarbola, grupa nasmejanih trka\u010da i jedna vrlo izazovna staza.<br \/>\nTakmi\u010dari su pred po\u010detak imali \u010detrdeset minuta da se zagreju i pripreme.&nbsp; Organizator je odlu\u010dio da svi startuju zajedno. Meni&nbsp; je malo delovalo \u010dudno da puste sve trka\u010de odjednom jer je staza vrlo uska, gotovo do prvih trista metara visine &nbsp;jako nezgodna za zaobila\u017eenje i menjanje pozicije.&nbsp; Ostao sam sa Du\u0161anom koji minut du\u017ee&nbsp; kako bi razgovarali o trci, a zatim krenuo stazom ka gore da ga do\u010dekam u brdu. Du\u0161an se dobro pozicionirao na startu. Uspeo je da se dobro namesti na relativno malom prostoru, tako da ga ne izguraju. Trka je po\u010dela &nbsp;na vreme. \u010cuo se pucanj pi\u0161tolja i grupa je krenula.<br \/>\nPrvih sto visinskih metara staza je bila prili\u010dno rastresita , skoro pa blatnjava i vrlo uska.&nbsp; Izuzetno te\u0161ka za zaobila\u017eenje i menjane pozicije. Kasnije je dobijala formu i prelazila u rastresit kamen. U samom startu se pojavljuju detalji gde se moraju koristiti i ruke, pri tome obratiti pa\u017enja &nbsp;da neko od gore ne sru\u0161i kamen.&nbsp; Staza se strmoglavo penje i brzo menja.&nbsp; Po\u010dinje da izgleda kao penjanje uz stranicu piramide preko velikih kamenih blokova. Jaka koncentracija i siguran gaz su jedino \u0161to \u010duvaju noge od surovog terena. &nbsp;Na pola staze se dolazi do velike sne\u017ene povr\u0161ine koju svi izbegavaju hvataju\u0107i desnu stranu preko velike monolitne stene koja je delovala kao duga betonska staza. Od ovog dela pa na gore staza postaje tehni\u010dki sve te\u017ea i kondiciono zahtevnija.&nbsp; Poslednjih pedeset visinskih metara je izuzetno te\u0161ka i kako Du\u0161an ka\u017ee ni malo naivna jer su se sve vreme morale koristiti ruke a teren je skoro bio vertikalan i eksponiran.&nbsp; U povratku sam do\u010dekao Du\u0161ana na pola staze gde smo imali i priliku da upoznamo drugog organizatora trke, Kilian Jornet-a.<\/p>\n<p><strong>Osvrt na organizaciju.<\/strong><\/p>\n<p>Tromso Skyrace se sastojao od \u010detiri trke, tri Skyrace distance i vertikalnog kilometra.<br \/>\nPoku\u0161a\u0107u u kratkim crtama da prenesem svoje utiske.&nbsp;<\/p>\n<p>Treba uzeti u obzir da su ovu trku organizovali Kilian Jornet i Emelie Forsberg. &nbsp;<br \/>\nVerujem da je mnogim trka\u010dima ve\u0107 to bilo sasvim dovoljan razlog za dolazak na trku ali su svakako o\u010dekivanja bila da \u0107e staze biti te\u0161ke i tehni\u010dki zahtevne.<br \/>\nNaizgled je sve izgledalo vrlo upro\u0161teno. Hotel kao baza trke, sli\u010dno kao na Staroj planini, velika sala za preuzimanje startnih paketa i brifing za predstoje\u0107e trke. Dodela medalja je tako\u0111e bila na istom mestu.<\/p>\n<p><strong>Startni paketi<\/strong><br \/>\nZa vertikalni kilometar se dobijao u\u010desni\u010dki broj i pamu\u010dna majica. Za ostale trke je sve bilo isto s tim \u0161to se dodatno dobila koverta sa nekoliko kesica ajurvedskog &nbsp;\u010daja (sponzor &nbsp;trke).<\/p>\n<p><strong>Markacije<br \/>\n<\/strong>Iako&nbsp; je na\u0161a trka bila u Petak, Subotu i Nedelju smo proveli po stazama drugih trka.<br \/>\nStaze su bile dobro markirane. Imali smo neverovatnu sre\u0107u da je sve dane bilo vedro. Tokom postavljanja markacija u \u010detvrtak, vreme je bilo&nbsp; tmurno i sa izmaglicom na ve\u0107im visinama pa je bilo primetno kako su se prilikom markiranja prilagodili tome. To je posebno bilo uo\u010dljivo u udolinama i po grebenu. Markacije su bile znatno gu\u0161\u0107e.&nbsp; Ali i u ovom slu\u010daju je trebalo dobro otvoriti o\u010di jer nisu bile krupne. Koristile su se tanke \u017eute trake&nbsp; koje su bile slabo uo\u010dljive i crvene i \u017eute zastavice koje su dosta dobro radile posao. Opet, ose\u0107aj za stazu je morao da postoji jer su se na delovima markacije utapale u okru\u017eenje.&nbsp; Na brifingu, Kilian je savetovao da svi koji mogu stave GPS trek u sat za svaki slu\u010daj.<\/p>\n<p><strong>Okrepa<\/strong><br \/>\nSedimo svi na podu velike sale i pa\u017eljivo slu\u0161amo Kiliana kako nas provodi kroz stazu najte\u017ee trke. Po fotografijama i onome \u0161to govori, trka deluje prili\u010dno ozbiljno. Vode i okrepe nema po vrhovima i po grebenu. Sve je u podno\u017eju gde je dostupno organizaciji pa svaki trka\u010d mora da vodi ra\u010duna koliko \u010dega nosi sa sobom. Potoka i slapova ima na pretek, du\u017e cele staze, pa je to i najmanji problem. Sva voda u planini je pitka. Okrepe su se sastojale od vode, \u010dipsa, banana, jabuka, \u010dokoladnog keksa, &nbsp;gomile gumenih bombona i nekoliko veoma ljubaznih i razdraganih volontera.<br \/>\nNa brifingu je Emelie rekla jednu lepu stvar. Zamolila je sve trka\u010de da podele osmeh sa volonterima i da budu strpljivi ako su u grupi, jer na kraju krajeva, volonteri su tu zbog njih a ne obrnuto.<\/p>\n<p><strong>Preostala dva dana<\/strong><\/p>\n<p>Du\u0161anova trka je bila u petak, a let za Srbiju tek u ponedeljak. To nam je dalo mogu\u0107nost da ispratimo trku u subotu i da u nedelju nesmetano ceo dan provedemo u planini.&nbsp; Subotu smo proveli obilaze\u0107i stazu, bodrili&nbsp; svakog trka\u010da koji je pro\u0161ao i poku\u0161ali da budemo deo atmosfere. Razumeli smo da im je te\u0161ko ali isto tako da u\u017eivaju. Bilo nam je veoma drago \u0161to smo mogli da im pru\u017eimo podr\u0161ku.<\/p>\n<p>Nedelju smo proveli ceo dan u planini. Konstantna dnevna svetlost u ovo doba godine omogu\u0107ila nam je da ne brinemo za prerani povratak u kamp. Norve\u017eani imaju odli\u010dne aplikacije za telefon sa topografskim kartama. Prona\u0161li smo zanimljive rute, napravili plan i po\u0161li da u\u017eivano. &nbsp;Penjali smo se po grebenu, pili vodu iz svakog mogu\u0107eg potoka, divili se jezerima i gledali u slapove i vodopade. Rekli bi smo da davno nismo proveli tako lep i zanimljiv dan u planini. &nbsp;\u0160ta da vam ka\u017eem, priroda im je neopisivo lepa i beskrajno inspirativna. Sigurno \u0107emo se vratiti opet.<\/p>\n<p>Du\u0161ane, hvala za sendvi\u010d sa eurokremom \ud83d\ude09&nbsp;<\/p>\nngg_shortcode_0_placeholder","protected":false},"excerpt":{"rendered":"<p>Protekli vikend, kao \u0161to ve\u0107ina vas zna, bili smo u Norve\u0161koj na jednoj od najpresti\u017enijih i najte\u017eih trka u okviru<span class=\"excerpt-hellip\"> [\u2026]<\/span><\/p>\n","protected":false},"author":1,"featured_media":3219,"comment_status":"closed","ping_status":"open","sticky":false,"template":"","format":"standard","meta":{"ngg_post_thumbnail":0,"footnotes":"","_links_to":"","_links_to_target":""},"categories":[5],"tags":[],"class_list":["post-3170","post","type-post","status-publish","format-standard","has-post-thumbnail","hentry","category-vesti"],"yoast_head":"<!-- This site is optimized with the Yoast SEO plugin v27.4 - https:\/\/yoast.com\/product\/yoast-seo-wordpress\/ -->\n<title>Tromso sky race 2017 - Skyrunning Serbia &amp; Montenegro<\/title>\n<meta name=\"robots\" content=\"index, follow, max-snippet:-1, max-image-preview:large, max-video-preview:-1\" \/>\n<link rel=\"canonical\" href=\"https:\/\/www.skyrunning-serbia.com\/en\/tromso-sky-race-2017\/\" \/>\n<meta property=\"og:locale\" content=\"en_US\" \/>\n<meta property=\"og:type\" content=\"article\" \/>\n<meta property=\"og:title\" content=\"Tromso sky race 2017 - Skyrunning Serbia &amp; Montenegro\" \/>\n<meta property=\"og:description\" content=\"Protekli vikend, kao \u0161to ve\u0107ina vas zna, bili smo u Norve\u0161koj na jednoj od najpresti\u017enijih i najte\u017eih trka u okviru [\u2026]\" \/>\n<meta property=\"og:url\" content=\"https:\/\/www.skyrunning-serbia.com\/en\/tromso-sky-race-2017\/\" \/>\n<meta property=\"og:site_name\" content=\"Skyrunning Serbia &amp; Montenegro\" \/>\n<meta property=\"article:published_time\" content=\"2017-08-13T15:26:05+00:00\" \/>\n<meta property=\"og:image\" content=\"https:\/\/www.skyrunning-serbia.com\/wp-content\/uploads\/2017\/08\/6.jpg\" \/>\n\t<meta property=\"og:image:width\" content=\"960\" \/>\n\t<meta property=\"og:image:height\" content=\"639\" \/>\n\t<meta property=\"og:image:type\" content=\"image\/jpeg\" \/>\n<meta name=\"author\" content=\"skyadmin\" \/>\n<meta name=\"twitter:label1\" content=\"Written by\" \/>\n\t<meta name=\"twitter:data1\" content=\"skyadmin\" \/>\n\t<meta name=\"twitter:label2\" content=\"Est. reading time\" \/>\n\t<meta name=\"twitter:data2\" content=\"8 minutes\" \/>\n<script type=\"application\/ld+json\" class=\"yoast-schema-graph\">{\"@context\":\"https:\\\/\\\/schema.org\",\"@graph\":[{\"@type\":\"Article\",\"@id\":\"https:\\\/\\\/www.skyrunning-serbia.com\\\/tromso-sky-race-2017\\\/#article\",\"isPartOf\":{\"@id\":\"https:\\\/\\\/www.skyrunning-serbia.com\\\/tromso-sky-race-2017\\\/\"},\"author\":{\"name\":\"skyadmin\",\"@id\":\"https:\\\/\\\/www.skyrunning-serbia.com\\\/#\\\/schema\\\/person\\\/93198a35ee06b0979ba2c23295091fd1\"},\"headline\":\"Tromso sky race 2017\",\"datePublished\":\"2017-08-13T15:26:05+00:00\",\"mainEntityOfPage\":{\"@id\":\"https:\\\/\\\/www.skyrunning-serbia.com\\\/tromso-sky-race-2017\\\/\"},\"wordCount\":1656,\"image\":{\"@id\":\"https:\\\/\\\/www.skyrunning-serbia.com\\\/tromso-sky-race-2017\\\/#primaryimage\"},\"thumbnailUrl\":\"https:\\\/\\\/www.skyrunning-serbia.com\\\/wp-content\\\/uploads\\\/2017\\\/08\\\/6.jpg\",\"articleSection\":[\"Vesti\"],\"inLanguage\":\"en-US\"},{\"@type\":\"WebPage\",\"@id\":\"https:\\\/\\\/www.skyrunning-serbia.com\\\/tromso-sky-race-2017\\\/\",\"url\":\"https:\\\/\\\/www.skyrunning-serbia.com\\\/tromso-sky-race-2017\\\/\",\"name\":\"Tromso sky race 2017 - Skyrunning Serbia &amp; Montenegro\",\"isPartOf\":{\"@id\":\"https:\\\/\\\/www.skyrunning-serbia.com\\\/#website\"},\"primaryImageOfPage\":{\"@id\":\"https:\\\/\\\/www.skyrunning-serbia.com\\\/tromso-sky-race-2017\\\/#primaryimage\"},\"image\":{\"@id\":\"https:\\\/\\\/www.skyrunning-serbia.com\\\/tromso-sky-race-2017\\\/#primaryimage\"},\"thumbnailUrl\":\"https:\\\/\\\/www.skyrunning-serbia.com\\\/wp-content\\\/uploads\\\/2017\\\/08\\\/6.jpg\",\"datePublished\":\"2017-08-13T15:26:05+00:00\",\"author\":{\"@id\":\"https:\\\/\\\/www.skyrunning-serbia.com\\\/#\\\/schema\\\/person\\\/93198a35ee06b0979ba2c23295091fd1\"},\"breadcrumb\":{\"@id\":\"https:\\\/\\\/www.skyrunning-serbia.com\\\/tromso-sky-race-2017\\\/#breadcrumb\"},\"inLanguage\":\"en-US\",\"potentialAction\":[{\"@type\":\"ReadAction\",\"target\":[\"https:\\\/\\\/www.skyrunning-serbia.com\\\/tromso-sky-race-2017\\\/\"]}]},{\"@type\":\"ImageObject\",\"inLanguage\":\"en-US\",\"@id\":\"https:\\\/\\\/www.skyrunning-serbia.com\\\/tromso-sky-race-2017\\\/#primaryimage\",\"url\":\"https:\\\/\\\/www.skyrunning-serbia.com\\\/wp-content\\\/uploads\\\/2017\\\/08\\\/6.jpg\",\"contentUrl\":\"https:\\\/\\\/www.skyrunning-serbia.com\\\/wp-content\\\/uploads\\\/2017\\\/08\\\/6.jpg\",\"width\":960,\"height\":639},{\"@type\":\"BreadcrumbList\",\"@id\":\"https:\\\/\\\/www.skyrunning-serbia.com\\\/tromso-sky-race-2017\\\/#breadcrumb\",\"itemListElement\":[{\"@type\":\"ListItem\",\"position\":1,\"name\":\"Home\",\"item\":\"https:\\\/\\\/www.skyrunning-serbia.com\\\/\"},{\"@type\":\"ListItem\",\"position\":2,\"name\":\"Tromso sky race 2017\"}]},{\"@type\":\"WebSite\",\"@id\":\"https:\\\/\\\/www.skyrunning-serbia.com\\\/#website\",\"url\":\"https:\\\/\\\/www.skyrunning-serbia.com\\\/\",\"name\":\"Skyrunning Serbia &amp; Montenegro\",\"description\":\"Nebesko Tr\u010danje - Srbija\",\"potentialAction\":[{\"@type\":\"SearchAction\",\"target\":{\"@type\":\"EntryPoint\",\"urlTemplate\":\"https:\\\/\\\/www.skyrunning-serbia.com\\\/?s={search_term_string}\"},\"query-input\":{\"@type\":\"PropertyValueSpecification\",\"valueRequired\":true,\"valueName\":\"search_term_string\"}}],\"inLanguage\":\"en-US\"},{\"@type\":\"Person\",\"@id\":\"https:\\\/\\\/www.skyrunning-serbia.com\\\/#\\\/schema\\\/person\\\/93198a35ee06b0979ba2c23295091fd1\",\"name\":\"skyadmin\",\"image\":{\"@type\":\"ImageObject\",\"inLanguage\":\"en-US\",\"@id\":\"https:\\\/\\\/secure.gravatar.com\\\/avatar\\\/cef2ec2788e98eae5789495bbcd974b2be11da02117773b8568418deeedc58b6?s=96&d=mm&r=g\",\"url\":\"https:\\\/\\\/secure.gravatar.com\\\/avatar\\\/cef2ec2788e98eae5789495bbcd974b2be11da02117773b8568418deeedc58b6?s=96&d=mm&r=g\",\"contentUrl\":\"https:\\\/\\\/secure.gravatar.com\\\/avatar\\\/cef2ec2788e98eae5789495bbcd974b2be11da02117773b8568418deeedc58b6?s=96&d=mm&r=g\",\"caption\":\"skyadmin\"},\"url\":\"https:\\\/\\\/www.skyrunning-serbia.com\\\/en\\\/author\\\/skyadmin\\\/\"}]}<\/script>\n<!-- \/ Yoast SEO plugin. -->","yoast_head_json":{"title":"Tromso sky race 2017 - Skyrunning Serbia &amp; Montenegro","robots":{"index":"index","follow":"follow","max-snippet":"max-snippet:-1","max-image-preview":"max-image-preview:large","max-video-preview":"max-video-preview:-1"},"canonical":"https:\/\/www.skyrunning-serbia.com\/en\/tromso-sky-race-2017\/","og_locale":"en_US","og_type":"article","og_title":"Tromso sky race 2017 - Skyrunning Serbia &amp; Montenegro","og_description":"Protekli vikend, kao \u0161to ve\u0107ina vas zna, bili smo u Norve\u0161koj na jednoj od najpresti\u017enijih i najte\u017eih trka u okviru [\u2026]","og_url":"https:\/\/www.skyrunning-serbia.com\/en\/tromso-sky-race-2017\/","og_site_name":"Skyrunning Serbia &amp; Montenegro","article_published_time":"2017-08-13T15:26:05+00:00","og_image":[{"width":960,"height":639,"url":"https:\/\/www.skyrunning-serbia.com\/wp-content\/uploads\/2017\/08\/6.jpg","type":"image\/jpeg"}],"author":"skyadmin","twitter_misc":{"Written by":"skyadmin","Est. reading time":"8 minutes"},"schema":{"@context":"https:\/\/schema.org","@graph":[{"@type":"Article","@id":"https:\/\/www.skyrunning-serbia.com\/tromso-sky-race-2017\/#article","isPartOf":{"@id":"https:\/\/www.skyrunning-serbia.com\/tromso-sky-race-2017\/"},"author":{"name":"skyadmin","@id":"https:\/\/www.skyrunning-serbia.com\/#\/schema\/person\/93198a35ee06b0979ba2c23295091fd1"},"headline":"Tromso sky race 2017","datePublished":"2017-08-13T15:26:05+00:00","mainEntityOfPage":{"@id":"https:\/\/www.skyrunning-serbia.com\/tromso-sky-race-2017\/"},"wordCount":1656,"image":{"@id":"https:\/\/www.skyrunning-serbia.com\/tromso-sky-race-2017\/#primaryimage"},"thumbnailUrl":"https:\/\/www.skyrunning-serbia.com\/wp-content\/uploads\/2017\/08\/6.jpg","articleSection":["Vesti"],"inLanguage":"en-US"},{"@type":"WebPage","@id":"https:\/\/www.skyrunning-serbia.com\/tromso-sky-race-2017\/","url":"https:\/\/www.skyrunning-serbia.com\/tromso-sky-race-2017\/","name":"Tromso sky race 2017 - Skyrunning Serbia &amp; Montenegro","isPartOf":{"@id":"https:\/\/www.skyrunning-serbia.com\/#website"},"primaryImageOfPage":{"@id":"https:\/\/www.skyrunning-serbia.com\/tromso-sky-race-2017\/#primaryimage"},"image":{"@id":"https:\/\/www.skyrunning-serbia.com\/tromso-sky-race-2017\/#primaryimage"},"thumbnailUrl":"https:\/\/www.skyrunning-serbia.com\/wp-content\/uploads\/2017\/08\/6.jpg","datePublished":"2017-08-13T15:26:05+00:00","author":{"@id":"https:\/\/www.skyrunning-serbia.com\/#\/schema\/person\/93198a35ee06b0979ba2c23295091fd1"},"breadcrumb":{"@id":"https:\/\/www.skyrunning-serbia.com\/tromso-sky-race-2017\/#breadcrumb"},"inLanguage":"en-US","potentialAction":[{"@type":"ReadAction","target":["https:\/\/www.skyrunning-serbia.com\/tromso-sky-race-2017\/"]}]},{"@type":"ImageObject","inLanguage":"en-US","@id":"https:\/\/www.skyrunning-serbia.com\/tromso-sky-race-2017\/#primaryimage","url":"https:\/\/www.skyrunning-serbia.com\/wp-content\/uploads\/2017\/08\/6.jpg","contentUrl":"https:\/\/www.skyrunning-serbia.com\/wp-content\/uploads\/2017\/08\/6.jpg","width":960,"height":639},{"@type":"BreadcrumbList","@id":"https:\/\/www.skyrunning-serbia.com\/tromso-sky-race-2017\/#breadcrumb","itemListElement":[{"@type":"ListItem","position":1,"name":"Home","item":"https:\/\/www.skyrunning-serbia.com\/"},{"@type":"ListItem","position":2,"name":"Tromso sky race 2017"}]},{"@type":"WebSite","@id":"https:\/\/www.skyrunning-serbia.com\/#website","url":"https:\/\/www.skyrunning-serbia.com\/","name":"Skyrunning Serbia &amp; Montenegro","description":"Nebesko Tr\u010danje - Srbija","potentialAction":[{"@type":"SearchAction","target":{"@type":"EntryPoint","urlTemplate":"https:\/\/www.skyrunning-serbia.com\/?s={search_term_string}"},"query-input":{"@type":"PropertyValueSpecification","valueRequired":true,"valueName":"search_term_string"}}],"inLanguage":"en-US"},{"@type":"Person","@id":"https:\/\/www.skyrunning-serbia.com\/#\/schema\/person\/93198a35ee06b0979ba2c23295091fd1","name":"skyadmin","image":{"@type":"ImageObject","inLanguage":"en-US","@id":"https:\/\/secure.gravatar.com\/avatar\/cef2ec2788e98eae5789495bbcd974b2be11da02117773b8568418deeedc58b6?s=96&d=mm&r=g","url":"https:\/\/secure.gravatar.com\/avatar\/cef2ec2788e98eae5789495bbcd974b2be11da02117773b8568418deeedc58b6?s=96&d=mm&r=g","contentUrl":"https:\/\/secure.gravatar.com\/avatar\/cef2ec2788e98eae5789495bbcd974b2be11da02117773b8568418deeedc58b6?s=96&d=mm&r=g","caption":"skyadmin"},"url":"https:\/\/www.skyrunning-serbia.com\/en\/author\/skyadmin\/"}]}},"_links":{"self":[{"href":"https:\/\/www.skyrunning-serbia.com\/en\/wp-json\/wp\/v2\/posts\/3170","targetHints":{"allow":["GET"]}}],"collection":[{"href":"https:\/\/www.skyrunning-serbia.com\/en\/wp-json\/wp\/v2\/posts"}],"about":[{"href":"https:\/\/www.skyrunning-serbia.com\/en\/wp-json\/wp\/v2\/types\/post"}],"author":[{"embeddable":true,"href":"https:\/\/www.skyrunning-serbia.com\/en\/wp-json\/wp\/v2\/users\/1"}],"replies":[{"embeddable":true,"href":"https:\/\/www.skyrunning-serbia.com\/en\/wp-json\/wp\/v2\/comments?post=3170"}],"version-history":[{"count":2,"href":"https:\/\/www.skyrunning-serbia.com\/en\/wp-json\/wp\/v2\/posts\/3170\/revisions"}],"predecessor-version":[{"id":3218,"href":"https:\/\/www.skyrunning-serbia.com\/en\/wp-json\/wp\/v2\/posts\/3170\/revisions\/3218"}],"wp:featuredmedia":[{"embeddable":true,"href":"https:\/\/www.skyrunning-serbia.com\/en\/wp-json\/wp\/v2\/media\/3219"}],"wp:attachment":[{"href":"https:\/\/www.skyrunning-serbia.com\/en\/wp-json\/wp\/v2\/media?parent=3170"}],"wp:term":[{"taxonomy":"category","embeddable":true,"href":"https:\/\/www.skyrunning-serbia.com\/en\/wp-json\/wp\/v2\/categories?post=3170"},{"taxonomy":"post_tag","embeddable":true,"href":"https:\/\/www.skyrunning-serbia.com\/en\/wp-json\/wp\/v2\/tags?post=3170"}],"curies":[{"name":"wp","href":"https:\/\/api.w.org\/{rel}","templated":true}]}}