{"id":2913,"date":"2016-09-22T22:15:06","date_gmt":"2016-09-22T20:15:06","guid":{"rendered":"http:\/\/www.skyrunning-serbia.com\/?p=2913"},"modified":"2016-09-22T22:15:06","modified_gmt":"2016-09-22T20:15:06","slug":"intervju-sa-marinom-nikolic","status":"publish","type":"post","link":"https:\/\/www.skyrunning-serbia.com\/en\/intervju-sa-marinom-nikolic\/","title":{"rendered":"Intervju sa Marinom Nikoli\u0107"},"content":{"rendered":"<p><strong>Molim te da nam se predstavi\u0161, jer \u0107e ovaj intervju i\u0107i mnogo dalje od Srbije I u neke druge outdoor komune pa je red da te upoznaju \u010ditaoci<\/strong><\/p>\n<p><em>Marina Nikoli\u0107, tridesetjednogodi\u0161nja ultramaratonka iz Beograda.\u00a0 Rekreativnim tr\u010danjem se bavim svega dve i po godine, pa sam s toga veoma ponosna na sve svoje zavr\u0161ene ultramaratone, kako planinske, tako i asfaltne, a bilo ih je 15-ak preko 100 kilometara za ovo kratko vreme. Najve\u0107i uspeh koji sam ostvarila je u\u010de\u0161\u0107e na trci \u201e4K\u201c, koju sam zavr\u0161ila za malo vi\u0161e od 126 sati, me\u0111u 309 fini\u0161era (od 734 u\u010desnika), kao petoplasirana u \u017eenskoj konkurenciji.<\/em><!--more--><\/p>\n<p><strong>Otkud ti u planinskom sportu a dete si velegrada?<\/strong><\/p>\n<p><em>Kao devoj\u010dica\u00a0 i tinejd\u017eerka jedva sam \u010dekala letnje raspuste koje sam vezivala isklju\u010divo za letovanje na moru. Nikada me planine nisu privla\u010dile, mada sam im se divila kada, na putu do mora, kroz prozor autobusa bacim pogled na vrhove Crne Gore. U to vreme, nikada ne bih menjala dan svog letovanja za \u0161etnju planinskim krajevima. Sa 28 godina po\u010dela sam da se bavim tr\u010danjem i put me je odveo na trku na Durmitoru. Malo je re\u0107i da sam se zaljubila i po\u017eelela da zauvek ostanem tu&#8230;<\/em><\/p>\n<p><strong>Kako uspeva\u0161 da radi\u0161 treninge kad ti fale planine?<\/strong><\/p>\n<p><em>Iako je mnogo zavr\u0161enih planinskih trka upisano u moju biografiju, mislim da jo\u0161 uvek nisam dovoljno upoznala sebe i nau\u010dila kako da se za planinsku trku pripremim. Pro\u0161le godine sam slobodno vreme provodila treniraju\u0107i na Avali, nadaju\u0107i se da \u0107u bar delimi\u010dno uspeti da nadoknadim nedostatak priprema na visokim planinama. Ove godine, ipak, re\u0161ila sam da treninge tr\u010danja svedem na minimum, i uz u\u010de\u0161\u0107e na par kra\u0107ih trka, kondiciju sam odr\u017eavala na treninzima spinninga koje vodim, a uz to sam dodala i redovne treninge snage. Pokazalo se da sam ove godine zna\u010dajno odmornija, \u201eja\u010da\u201c na usponima tokom trka, a najbolje od svega je \u0161to me ni jedna povreda nije do\u010dekala.<\/em><\/p>\n<p><strong>Ukratko nam opi\u0161i trku 4KVDA, organizacija, du\u017eina, predeli, concept, visina kotizacije?<\/strong><\/p>\n<p><em>Trka \u201e4K Alpine Endurance Trail Valle D\u2019Aosta\u201c, ili kra\u0107e \u201e4KVDA\u201c je trka izdr\u017eljivosti, u dolini Aosta u Italiji, du\u017eine 350 kilometara. Jedna od najspektakularnijih i najte\u017eih trka na svetu vodi trka\u010de kroz veli\u010danstvene Alpe, ispod \u010duvenih najvi\u0161ih vrhova: Monblan, Materhorn, Monte Rosa i Gran Paradiso. Upravo je to, osim du\u017eine trke, ono \u0161to nosi te\u017einu trke, jer staza ve\u0107im delom vodi trka\u010de na visine preko 2.500 metara, pa sve do 3.300 metara. Ukupna visinska razlika sa kojom trka\u010di moraju da se suo\u010de je \u010dak 26500m. Vremenski limit u kom je bilo potrebno zavr\u0161iti trku je 155 sati, koji je naknadno, odlukom organizatora, produ\u017een na 159 sati.\u00a0 <\/em><\/p>\n<p><em>Ove godine, od 03. do 10. septembra,\u00a0 odr\u017eano je prvo izdanje ove trke, sa startom I ciljem u mestu Cogne, i mogu re\u0107i da su organizatori, bez obzira na sve moje sumnje pre po\u010detka trke, pokupili sve simpatije.\u00a0 <\/em><\/p>\n<p><em>Kotizacija je za na\u0161e uslove visoka, \u010dak 550 EUR. Zahvalila bih se kompaniji \u201cNIL DATA COMMUNICATIONS\u201d koja mi je obezbedila u\u010de\u0161\u0107e na trci, kao I SP \u201cLasta\u201d koja je meni, i mojim\u00a0 prijateljima koji su tako\u0111e u\u010destvovali na trci, Damiru Bubi\u0107u I Vladimiru Pani\u0107u, obezbedila autobuske karte.<\/em><\/p>\n<p><strong>Da li zna\u0161 za\u0161to postoji toliki jaz izme\u0111u TOR-a i 4KVDA trke? To naravno nema veze sa vama I ne obezvre\u0111uje uspeh trka\u010da na obe trke ali se ose\u0107a na svetskoj trail pozornici..<\/strong><\/p>\n<p><em>Ono \u0161to sam na\u010dula u razgovoru sa prijateljima Italijanima je da su \u017eitelji iz doline Aosta, gde se trke i odr\u017eavaju, nezadovoljni odlukom da se trka &#8222;4k&#8220; finansira iz bud\u017eeta, dok je trka &#8222;TDG&#8220; u &#8222;privatnoj&#8220; organizaciji. Sve mi to miri\u0161e da je finansijski momenat, kao i obi\u010dno, razlog jaza izme\u0111u ove dve trke. Ni\u0161ta drugo ne bih znala da ka\u017eem, sem da se nadam da \u0107e taj jaz nestati, a da se nijedna trka ne ugasi.<\/em>\u00a0<em>Pro\u0161le godine u\u010destvovala sam na trci \u201cTor des Geants\u201d, a to u\u010de\u0161\u0107e \u017eelela sam da ponovim i ove godine. Kako nismo \u201cizvu\u010deni\u201d za trku, druga opcija je bila trka \u201c4K\u201d za koju sam mislila da \u0107e biti samo lo\u0161a kopija ve\u0107 poznate trke \u201cTDG\u201d. Koliko sam upu\u0107ena, zbog ve\u0107e bezbednosti trka\u010da, done\u0161ena je odluka da se, u organizaciji pokrajine dolina Aosta, napravi <\/em><\/p>\n<p><em>nova trka, \u201c4K\u201d. Ako mene pitate, da li samo zato \u0161to je prvo izdanje trke, pozitivnije utiske donosim sa ovogodi\u0161njeg u\u010de\u0161\u0107a, a moram priznati da sam se znatno bezbednije ose\u0107ala uz GPS ure\u0111aj koji smo ove godine bili u obavezi da nosimo tokom cele trke, kao i da sam ga i sama vi\u0161e puta aktivirala obra\u0107aju\u0107i se za pomo\u0107 organizatoru.<\/em><\/p>\n<p><strong>Kako se snalazi\u0161 sa sponzorima I medijima? Ko \u0107e da vrati kredit?<\/strong><\/p>\n<p><em>Iskrena da budem, ne zna se broj molbi za sponzorstvo koje smo Vlada, Damir I ja uputili na adrese raznih kompanija, ali dobili smo minimalan broj odgovora, uglavnom od poznanika i prijatelja, kojima se od srca zahvaljujemo. Tako\u0111e, veliku zahvalnost dugujemo i sajtu www.nasbiro.com, koji je na\u0161u avanturu propratio od starta do cilja.<\/em><\/p>\n<p><strong>Molim te, detaljno nam opi\u0161i kako si se hranila za vreme trke I koliko si spavala?<\/strong><\/p>\n<p><em>Kada su u pitanju trke koje traju vi\u0161e od 24h, zaista nemam odre\u0111en re\u017eim ishrane. Kao i pro\u0161le godine, najvi\u0161e mi je prijala bistra, vru\u0107a, slana supa, u koju bih ubacila dosta sira, Parmezana I Fontine (sir iz doline Aosta), a i belo gro\u017e\u0111e. Pojela sam, mislim tre\u0107eg dana trke, dva sendvi\u010da I malo salate. \uf04a Na ovakvim trkama je I odmor veoma bitan, kratke pauze i san. Me\u0111utim, zbog problema sa cirkulacijom I jakih bolova, uspela sam da odspavam svega 2 sata za svih 126 sati u\u010de\u0161\u0107a na trci.<\/em><\/p>\n<p><strong>Kakav utisak su tvoje kolege trka\u010di ostavili na stazi?<\/strong><\/p>\n<p><em>Za vi\u0161ednevne planinske trke karakteristi\u010dno je da trka\u010di me\u0111usobno jedni drugima poma\u017eu. Desetine trka\u010da koji su spavali pored staze sam probudila I zamolila da nastave dalje kako se ne bi smrzli na hladnim stenama. Tokom trke imala sam nesebi\u010dnu pomo\u0107 trka\u010da Dioga iz Portugalije. Naravno, uvek postoje izuzeci, ali o lo\u0161im iskustvima ne bih govorila ovog puta.<\/em><\/p>\n<p><strong>Svi znamo da ve\u0107ina elitnih trka\u010da ima kompletnu logistiku na stazi, kako to izgleda?<\/strong><\/p>\n<p><em>Ve\u0107ina trka\u010da,\u00a0 ne samo elitnih, tokom trke ima pratnju, odnosno jednog ili vi\u0161e pratilaca koji ga do\u010dekuju na svakoj ve\u0107oj kontrolnoj stanici. Ekipa iz Srbije, Damir, Vlada i ja, bila je bez pratnje. Naravno da bi nam mnogo olak\u0161alo da nas do\u010deka neko ko \u0107e nam spremiti suvu garderobu, doneti hranu, uputiti koju re\u010d podr\u0161ke, osu\u0161iti patike, pa \u010dak i zavezati pertle, mo\u017eda izmasirati, prepakovati stvari u rancu, ali smatram da nije neophodno. \u010cinjenica da sam uspela\u00a0 bez pratnje da zavr\u0161im trku, to i dokazuje. Volonteri su zaista veoma ljubazni I potpuno svesni koliko su trka\u010di nakon par dana tr\u010danja umorni, pospani i razdra\u017eljivi, tako da u mnogo \u010demu uspevaju da zamene pratioce.<\/em><\/p>\n<p><strong>Tehni\u010dki najte\u017ei delovi staze su?<\/strong><\/p>\n<p><em>Najte\u017ei delovi staze, po mom mi\u0161ljenju, su uspon na Col Fenetre, tako\u0111e i spust, kao i na Col de la Crosatie i \u00a0spust sa Malatre. Mo\u017eda je bilo i te\u017eih delova, ali pamtim da sam se ovde najvi\u0161e upla\u0161ila, a samim tim i najbolje upamtila te delove staze. <\/em><\/p>\n<p><strong>Znamo svi koliko ovakve trke uti\u010du na zdravlje trka\u010da. Kako si se ose\u0107ala za vreme trke, da li si imala nekih ozbiljnijih problema?<\/strong><\/p>\n<p><em>Osim problema sa halucinacijama, naro\u010dito tokom no\u0107i, usled nemogu\u0107nosti da se naspavam, temperature koja me je pratila \u010dak \u010detiri dana, i bola u kolenima, rekla bih normalnog nakon onakvih nizbrdica, nisam imala nikakvih ve\u0107ih problema.<\/em><\/p>\n<p><strong>Damir i Vlada, va\u0161 odnos pre, za vreme i posle trke? Kako ste se uop\u0161te okupili, ko je bio inicijator?<\/strong><\/p>\n<p><em>Moram naglasiti das u Damir I Vlada, iako nisu uspeli da zavr\u0161e trku, dali sve od sebe. Vlada je nakon nevremena koje nas je do\u010dekalo druge no\u0107i, posle 120 kilometara odlu\u010dio da zavr\u0161i trku, dok je Damir imao velikih problema na usponu nakon 180 kilometara. \u0160to se ti\u010de njihovih prijava za trku, verujem da ih je moje pro\u0161logodi\u0161nje u\u010de\u0161\u0107e podstaklo da razmi\u0161ljaju u tom pravcu. Obojica su, kao I ja, veliki zaljubljenici u planine, pa su, uz moje minimalno nagovaranje, odlu\u010dili da ove godine krenu sa mnom. Iako \u017eivimo u razli\u010ditim gradovima, mislim da nas to ne\u0107e spre\u010diti da nastavimo intenzivnije dru\u017eenje koje je zapo\u010deto prijavom na ovu trku, a koja nas je svakako povezala jo\u0161 ja\u010de.<\/em><\/p>\n<p><strong>Zbog \u010dega ti je trebala ta \u201cglupost\u201d sa rancem? Zbog euforije fini\u0161iranja, neverovatne iscrpljenosti I nespavanja? Ne\u0161to tre\u0107e? Svi znamo da si imala dosta sre\u0107e sa odlukom sudija<\/strong><\/p>\n<p><em>Ranac\u2026 \ud83d\ude00 Ne znam ni sama koliko puta sam poku\u0161ala da odgovorim na to pitanje, ni da li dajem ispravne odgovore, jer prvo samoj sebi nisam uspela da objasnim tu situaciju. U meni je u tom momentu proradio takmi\u010darski duh, ta\u010dnije 40 kilometara pre tog trenutka. Misle\u0107i da je fini\u0161 \u201cispred nosa\u201d, skinula sam ranac ne razmi\u0161ljaju\u0107i da \u0107e to imati posledice. Ispostavilo se da je do cilja ostalo jo\u0161 \u010ditavih 5 kilometara, ali nisam imala nameru da se vratim po ranac. Kada sam ve\u0107 shvatila da \u0107u mo\u017eda biti diskvalifikovana, nasmejala sam se, I potr\u010dala jo\u0161 ja\u010de\u2026 Jer\u2026 Da li je uop\u0161te va\u017eno \u0161ta tamo negde pi\u0161e, nakon 350 kilometara i 126\u00a0 sati? Ja znam da sam tih 5 dana provela na stazi, organizatori znaju, vi znate, a \u0161ta \u0107e se posle ulaska u cilj dogoditi, zaista mi nije bilo va\u017eno. Ponosno mogu re\u0107i da je ova Srpkinja pokupila simpatije me\u0161tana, volontera I organizatora, te sam umesto diskvalifikacije dobila samo \u010detiri kaznena sata. <\/em>J<\/p>\n<p><strong>Kako vidi\u0161 Srbiju kao potencijal za trail trke? I kako vidi\u0161 generalno na\u0161e trka\u010de u budu\u0107nosti na svetskoj sceni?<\/strong><\/p>\n<p><em>Od kako sam se po\u010dela da tr\u010dim trke u Evropi i upoznala mnogo trka\u010da iz raznih zemalja sveta, neprestano dobijam pitanja vezana za trail trke u na\u0161oj zemlji. Uglavnom ih uvek uputim na sajt Skyrunning Serbia, mada mislim da bi i njihove trke trebalo popularizovati. Srbija ima veliki potencijal, ali je u Srbiji veoma malo ljudi koji bi se pozabavili ozbiljnijom organizacijom trka, a jo\u0161 manje onih koji bi to finansijski podr\u017eali (potencijalni sponzori).\u00a0 <\/em><\/p>\n<p><em>\u0160to se ti\u010de trka\u010da iz Srbije, smatram da su se mnogi na svetskoj sceni jako dobro plasirali s obzirom na nemogu\u0107nost priprema, slabiju finansijsku situaciju, slabu,odnosno nikakvu podr\u0161ku dr\u017eave, ili nadle\u017enih institucija.<\/em><\/p>\n<p><strong>Planovi?<\/strong><\/p>\n<p><em>Plan za naredni period do nedavno je bilo u\u010de\u0161\u0107e na EVROPSKOM PRVENSTVU U ULTRAMARATONU NA 24h, koje se krajem oktobra odr\u017eava u Francuskoj. Me\u0111utim, kao zaljubljenika u planine, a nakon trke sa koje sam se vratila prepuna emocija, moram priznati da me tr\u010danje u krug ni malo ne privla\u010di. Jo\u0161 uvek nisam donela odluku da li \u0107u oti\u0107i sa reprezentacijom ili ne. \u0160to se ti\u010de naredne godine, u planu su prijave za &#8222;Western States Endurance Run&#8220;, &#8222;Spartathlon&#8220; i, naravno, ponovo &#8222;4K&#8220;, pa se nadam da \u0107u imati sre\u0107e prilikom &#8222;izvla\u010denja&#8220; trka\u010da.<\/em><\/p>\n<p><strong>Molim te navedi sve ljude koji su ti bili iskrena podr\u0161ka u svakom pogledu za 4KVDA, oni to zaslu\u017euju.<\/strong><\/p>\n<p><em>Za kraj, veliku zahvalnost bih uputila: <\/em><\/p>\n<p><em>NIL DATA COMMUNICATIONS, <\/em><\/p>\n<p><em>SP \u201cLASTA\u201d, <\/em><\/p>\n<p><em>NASBIRO.COM, <\/em><\/p>\n<p><em>SKYRUNNING SERBIA, <\/em><\/p>\n<p><em>\u0160A\u0160AVI ULTRA\u0160I, <\/em><\/p>\n<p><em>I naravno svim svojim prijateljima koji su danima i no\u0107ima pratili moje kretanje na stazi.<\/em><\/p>\n<p><em>\u00a0<\/em>Skyrunning asocijacija Srbije ti od srca \u010destita na ovom ogromnom uspehu, samo napred Marina. Pokazala si kako se bori za svoju zemlju i dala primer novim mladim damama da se odva\u017ee i u\u0111u u \u010daroban svet planinskih sportova izdr\u017eljivosti!<\/p>\nngg_shortcode_0_placeholder","protected":false},"excerpt":{"rendered":"<p>Molim te da nam se predstavi\u0161, jer \u0107e ovaj intervju i\u0107i mnogo dalje od Srbije I u neke druge outdoor<span class=\"excerpt-hellip\"> [\u2026]<\/span><\/p>\n","protected":false},"author":1,"featured_media":2938,"comment_status":"closed","ping_status":"open","sticky":false,"template":"","format":"standard","meta":{"ngg_post_thumbnail":0,"footnotes":"","_links_to":"","_links_to_target":""},"categories":[5],"tags":[],"class_list":["post-2913","post","type-post","status-publish","format-standard","has-post-thumbnail","hentry","category-vesti"],"yoast_head":"<!-- This site is optimized with the Yoast SEO plugin v27.5 - https:\/\/yoast.com\/product\/yoast-seo-wordpress\/ -->\n<title>Intervju sa Marinom Nikoli\u0107 - Skyrunning Serbia &amp; Montenegro<\/title>\n<meta name=\"robots\" content=\"index, follow, max-snippet:-1, max-image-preview:large, max-video-preview:-1\" \/>\n<link rel=\"canonical\" href=\"https:\/\/www.skyrunning-serbia.com\/en\/intervju-sa-marinom-nikolic\/\" \/>\n<meta property=\"og:locale\" content=\"en_US\" \/>\n<meta property=\"og:type\" content=\"article\" \/>\n<meta property=\"og:title\" content=\"Intervju sa Marinom Nikoli\u0107 - Skyrunning Serbia &amp; Montenegro\" \/>\n<meta property=\"og:description\" content=\"Molim te da nam se predstavi\u0161, jer \u0107e ovaj intervju i\u0107i mnogo dalje od Srbije I u neke druge outdoor [\u2026]\" \/>\n<meta property=\"og:url\" content=\"https:\/\/www.skyrunning-serbia.com\/en\/intervju-sa-marinom-nikolic\/\" \/>\n<meta property=\"og:site_name\" content=\"Skyrunning Serbia &amp; Montenegro\" \/>\n<meta property=\"article:published_time\" content=\"2016-09-22T20:15:06+00:00\" \/>\n<meta property=\"og:image\" content=\"https:\/\/www.skyrunning-serbia.com\/wp-content\/uploads\/2016\/09\/Ekipa-pre-starta.jpg\" \/>\n\t<meta property=\"og:image:width\" content=\"960\" \/>\n\t<meta property=\"og:image:height\" content=\"720\" \/>\n\t<meta property=\"og:image:type\" content=\"image\/jpeg\" \/>\n<meta name=\"author\" content=\"skyadmin\" \/>\n<meta name=\"twitter:label1\" content=\"Written by\" \/>\n\t<meta name=\"twitter:data1\" content=\"skyadmin\" \/>\n\t<meta name=\"twitter:label2\" content=\"Est. reading time\" \/>\n\t<meta name=\"twitter:data2\" content=\"10 minutes\" \/>\n<script type=\"application\/ld+json\" class=\"yoast-schema-graph\">{\"@context\":\"https:\\\/\\\/schema.org\",\"@graph\":[{\"@type\":\"Article\",\"@id\":\"https:\\\/\\\/www.skyrunning-serbia.com\\\/intervju-sa-marinom-nikolic\\\/#article\",\"isPartOf\":{\"@id\":\"https:\\\/\\\/www.skyrunning-serbia.com\\\/intervju-sa-marinom-nikolic\\\/\"},\"author\":{\"name\":\"skyadmin\",\"@id\":\"https:\\\/\\\/www.skyrunning-serbia.com\\\/#\\\/schema\\\/person\\\/93198a35ee06b0979ba2c23295091fd1\"},\"headline\":\"Intervju sa Marinom Nikoli\u0107\",\"datePublished\":\"2016-09-22T20:15:06+00:00\",\"mainEntityOfPage\":{\"@id\":\"https:\\\/\\\/www.skyrunning-serbia.com\\\/intervju-sa-marinom-nikolic\\\/\"},\"wordCount\":2069,\"image\":{\"@id\":\"https:\\\/\\\/www.skyrunning-serbia.com\\\/intervju-sa-marinom-nikolic\\\/#primaryimage\"},\"thumbnailUrl\":\"https:\\\/\\\/www.skyrunning-serbia.com\\\/wp-content\\\/uploads\\\/2016\\\/09\\\/Ekipa-pre-starta.jpg\",\"articleSection\":[\"Vesti\"],\"inLanguage\":\"en-US\"},{\"@type\":\"WebPage\",\"@id\":\"https:\\\/\\\/www.skyrunning-serbia.com\\\/intervju-sa-marinom-nikolic\\\/\",\"url\":\"https:\\\/\\\/www.skyrunning-serbia.com\\\/intervju-sa-marinom-nikolic\\\/\",\"name\":\"Intervju sa Marinom Nikoli\u0107 - Skyrunning Serbia &amp; Montenegro\",\"isPartOf\":{\"@id\":\"https:\\\/\\\/www.skyrunning-serbia.com\\\/#website\"},\"primaryImageOfPage\":{\"@id\":\"https:\\\/\\\/www.skyrunning-serbia.com\\\/intervju-sa-marinom-nikolic\\\/#primaryimage\"},\"image\":{\"@id\":\"https:\\\/\\\/www.skyrunning-serbia.com\\\/intervju-sa-marinom-nikolic\\\/#primaryimage\"},\"thumbnailUrl\":\"https:\\\/\\\/www.skyrunning-serbia.com\\\/wp-content\\\/uploads\\\/2016\\\/09\\\/Ekipa-pre-starta.jpg\",\"datePublished\":\"2016-09-22T20:15:06+00:00\",\"author\":{\"@id\":\"https:\\\/\\\/www.skyrunning-serbia.com\\\/#\\\/schema\\\/person\\\/93198a35ee06b0979ba2c23295091fd1\"},\"breadcrumb\":{\"@id\":\"https:\\\/\\\/www.skyrunning-serbia.com\\\/intervju-sa-marinom-nikolic\\\/#breadcrumb\"},\"inLanguage\":\"en-US\",\"potentialAction\":[{\"@type\":\"ReadAction\",\"target\":[\"https:\\\/\\\/www.skyrunning-serbia.com\\\/intervju-sa-marinom-nikolic\\\/\"]}]},{\"@type\":\"ImageObject\",\"inLanguage\":\"en-US\",\"@id\":\"https:\\\/\\\/www.skyrunning-serbia.com\\\/intervju-sa-marinom-nikolic\\\/#primaryimage\",\"url\":\"https:\\\/\\\/www.skyrunning-serbia.com\\\/wp-content\\\/uploads\\\/2016\\\/09\\\/Ekipa-pre-starta.jpg\",\"contentUrl\":\"https:\\\/\\\/www.skyrunning-serbia.com\\\/wp-content\\\/uploads\\\/2016\\\/09\\\/Ekipa-pre-starta.jpg\",\"width\":960,\"height\":720},{\"@type\":\"BreadcrumbList\",\"@id\":\"https:\\\/\\\/www.skyrunning-serbia.com\\\/intervju-sa-marinom-nikolic\\\/#breadcrumb\",\"itemListElement\":[{\"@type\":\"ListItem\",\"position\":1,\"name\":\"Home\",\"item\":\"https:\\\/\\\/www.skyrunning-serbia.com\\\/\"},{\"@type\":\"ListItem\",\"position\":2,\"name\":\"Intervju sa Marinom Nikoli\u0107\"}]},{\"@type\":\"WebSite\",\"@id\":\"https:\\\/\\\/www.skyrunning-serbia.com\\\/#website\",\"url\":\"https:\\\/\\\/www.skyrunning-serbia.com\\\/\",\"name\":\"Skyrunning Serbia &amp; Montenegro\",\"description\":\"Nebesko Tr\u010danje - Srbija\",\"potentialAction\":[{\"@type\":\"SearchAction\",\"target\":{\"@type\":\"EntryPoint\",\"urlTemplate\":\"https:\\\/\\\/www.skyrunning-serbia.com\\\/?s={search_term_string}\"},\"query-input\":{\"@type\":\"PropertyValueSpecification\",\"valueRequired\":true,\"valueName\":\"search_term_string\"}}],\"inLanguage\":\"en-US\"},{\"@type\":\"Person\",\"@id\":\"https:\\\/\\\/www.skyrunning-serbia.com\\\/#\\\/schema\\\/person\\\/93198a35ee06b0979ba2c23295091fd1\",\"name\":\"skyadmin\",\"image\":{\"@type\":\"ImageObject\",\"inLanguage\":\"en-US\",\"@id\":\"https:\\\/\\\/secure.gravatar.com\\\/avatar\\\/cef2ec2788e98eae5789495bbcd974b2be11da02117773b8568418deeedc58b6?s=96&d=mm&r=g\",\"url\":\"https:\\\/\\\/secure.gravatar.com\\\/avatar\\\/cef2ec2788e98eae5789495bbcd974b2be11da02117773b8568418deeedc58b6?s=96&d=mm&r=g\",\"contentUrl\":\"https:\\\/\\\/secure.gravatar.com\\\/avatar\\\/cef2ec2788e98eae5789495bbcd974b2be11da02117773b8568418deeedc58b6?s=96&d=mm&r=g\",\"caption\":\"skyadmin\"},\"url\":\"https:\\\/\\\/www.skyrunning-serbia.com\\\/en\\\/author\\\/skyadmin\\\/\"}]}<\/script>\n<!-- \/ Yoast SEO plugin. -->","yoast_head_json":{"title":"Intervju sa Marinom Nikoli\u0107 - Skyrunning Serbia &amp; Montenegro","robots":{"index":"index","follow":"follow","max-snippet":"max-snippet:-1","max-image-preview":"max-image-preview:large","max-video-preview":"max-video-preview:-1"},"canonical":"https:\/\/www.skyrunning-serbia.com\/en\/intervju-sa-marinom-nikolic\/","og_locale":"en_US","og_type":"article","og_title":"Intervju sa Marinom Nikoli\u0107 - Skyrunning Serbia &amp; Montenegro","og_description":"Molim te da nam se predstavi\u0161, jer \u0107e ovaj intervju i\u0107i mnogo dalje od Srbije I u neke druge outdoor [\u2026]","og_url":"https:\/\/www.skyrunning-serbia.com\/en\/intervju-sa-marinom-nikolic\/","og_site_name":"Skyrunning Serbia &amp; Montenegro","article_published_time":"2016-09-22T20:15:06+00:00","og_image":[{"width":960,"height":720,"url":"https:\/\/www.skyrunning-serbia.com\/wp-content\/uploads\/2016\/09\/Ekipa-pre-starta.jpg","type":"image\/jpeg"}],"author":"skyadmin","twitter_misc":{"Written by":"skyadmin","Est. reading time":"10 minutes"},"schema":{"@context":"https:\/\/schema.org","@graph":[{"@type":"Article","@id":"https:\/\/www.skyrunning-serbia.com\/intervju-sa-marinom-nikolic\/#article","isPartOf":{"@id":"https:\/\/www.skyrunning-serbia.com\/intervju-sa-marinom-nikolic\/"},"author":{"name":"skyadmin","@id":"https:\/\/www.skyrunning-serbia.com\/#\/schema\/person\/93198a35ee06b0979ba2c23295091fd1"},"headline":"Intervju sa Marinom Nikoli\u0107","datePublished":"2016-09-22T20:15:06+00:00","mainEntityOfPage":{"@id":"https:\/\/www.skyrunning-serbia.com\/intervju-sa-marinom-nikolic\/"},"wordCount":2069,"image":{"@id":"https:\/\/www.skyrunning-serbia.com\/intervju-sa-marinom-nikolic\/#primaryimage"},"thumbnailUrl":"https:\/\/www.skyrunning-serbia.com\/wp-content\/uploads\/2016\/09\/Ekipa-pre-starta.jpg","articleSection":["Vesti"],"inLanguage":"en-US"},{"@type":"WebPage","@id":"https:\/\/www.skyrunning-serbia.com\/intervju-sa-marinom-nikolic\/","url":"https:\/\/www.skyrunning-serbia.com\/intervju-sa-marinom-nikolic\/","name":"Intervju sa Marinom Nikoli\u0107 - Skyrunning Serbia &amp; Montenegro","isPartOf":{"@id":"https:\/\/www.skyrunning-serbia.com\/#website"},"primaryImageOfPage":{"@id":"https:\/\/www.skyrunning-serbia.com\/intervju-sa-marinom-nikolic\/#primaryimage"},"image":{"@id":"https:\/\/www.skyrunning-serbia.com\/intervju-sa-marinom-nikolic\/#primaryimage"},"thumbnailUrl":"https:\/\/www.skyrunning-serbia.com\/wp-content\/uploads\/2016\/09\/Ekipa-pre-starta.jpg","datePublished":"2016-09-22T20:15:06+00:00","author":{"@id":"https:\/\/www.skyrunning-serbia.com\/#\/schema\/person\/93198a35ee06b0979ba2c23295091fd1"},"breadcrumb":{"@id":"https:\/\/www.skyrunning-serbia.com\/intervju-sa-marinom-nikolic\/#breadcrumb"},"inLanguage":"en-US","potentialAction":[{"@type":"ReadAction","target":["https:\/\/www.skyrunning-serbia.com\/intervju-sa-marinom-nikolic\/"]}]},{"@type":"ImageObject","inLanguage":"en-US","@id":"https:\/\/www.skyrunning-serbia.com\/intervju-sa-marinom-nikolic\/#primaryimage","url":"https:\/\/www.skyrunning-serbia.com\/wp-content\/uploads\/2016\/09\/Ekipa-pre-starta.jpg","contentUrl":"https:\/\/www.skyrunning-serbia.com\/wp-content\/uploads\/2016\/09\/Ekipa-pre-starta.jpg","width":960,"height":720},{"@type":"BreadcrumbList","@id":"https:\/\/www.skyrunning-serbia.com\/intervju-sa-marinom-nikolic\/#breadcrumb","itemListElement":[{"@type":"ListItem","position":1,"name":"Home","item":"https:\/\/www.skyrunning-serbia.com\/"},{"@type":"ListItem","position":2,"name":"Intervju sa Marinom Nikoli\u0107"}]},{"@type":"WebSite","@id":"https:\/\/www.skyrunning-serbia.com\/#website","url":"https:\/\/www.skyrunning-serbia.com\/","name":"Skyrunning Serbia &amp; Montenegro","description":"Nebesko Tr\u010danje - Srbija","potentialAction":[{"@type":"SearchAction","target":{"@type":"EntryPoint","urlTemplate":"https:\/\/www.skyrunning-serbia.com\/?s={search_term_string}"},"query-input":{"@type":"PropertyValueSpecification","valueRequired":true,"valueName":"search_term_string"}}],"inLanguage":"en-US"},{"@type":"Person","@id":"https:\/\/www.skyrunning-serbia.com\/#\/schema\/person\/93198a35ee06b0979ba2c23295091fd1","name":"skyadmin","image":{"@type":"ImageObject","inLanguage":"en-US","@id":"https:\/\/secure.gravatar.com\/avatar\/cef2ec2788e98eae5789495bbcd974b2be11da02117773b8568418deeedc58b6?s=96&d=mm&r=g","url":"https:\/\/secure.gravatar.com\/avatar\/cef2ec2788e98eae5789495bbcd974b2be11da02117773b8568418deeedc58b6?s=96&d=mm&r=g","contentUrl":"https:\/\/secure.gravatar.com\/avatar\/cef2ec2788e98eae5789495bbcd974b2be11da02117773b8568418deeedc58b6?s=96&d=mm&r=g","caption":"skyadmin"},"url":"https:\/\/www.skyrunning-serbia.com\/en\/author\/skyadmin\/"}]}},"_links":{"self":[{"href":"https:\/\/www.skyrunning-serbia.com\/en\/wp-json\/wp\/v2\/posts\/2913","targetHints":{"allow":["GET"]}}],"collection":[{"href":"https:\/\/www.skyrunning-serbia.com\/en\/wp-json\/wp\/v2\/posts"}],"about":[{"href":"https:\/\/www.skyrunning-serbia.com\/en\/wp-json\/wp\/v2\/types\/post"}],"author":[{"embeddable":true,"href":"https:\/\/www.skyrunning-serbia.com\/en\/wp-json\/wp\/v2\/users\/1"}],"replies":[{"embeddable":true,"href":"https:\/\/www.skyrunning-serbia.com\/en\/wp-json\/wp\/v2\/comments?post=2913"}],"version-history":[{"count":2,"href":"https:\/\/www.skyrunning-serbia.com\/en\/wp-json\/wp\/v2\/posts\/2913\/revisions"}],"predecessor-version":[{"id":2937,"href":"https:\/\/www.skyrunning-serbia.com\/en\/wp-json\/wp\/v2\/posts\/2913\/revisions\/2937"}],"wp:featuredmedia":[{"embeddable":true,"href":"https:\/\/www.skyrunning-serbia.com\/en\/wp-json\/wp\/v2\/media\/2938"}],"wp:attachment":[{"href":"https:\/\/www.skyrunning-serbia.com\/en\/wp-json\/wp\/v2\/media?parent=2913"}],"wp:term":[{"taxonomy":"category","embeddable":true,"href":"https:\/\/www.skyrunning-serbia.com\/en\/wp-json\/wp\/v2\/categories?post=2913"},{"taxonomy":"post_tag","embeddable":true,"href":"https:\/\/www.skyrunning-serbia.com\/en\/wp-json\/wp\/v2\/tags?post=2913"}],"curies":[{"name":"wp","href":"https:\/\/api.w.org\/{rel}","templated":true}]}}