{"id":2759,"date":"2016-05-19T20:56:30","date_gmt":"2016-05-19T18:56:30","guid":{"rendered":"http:\/\/www.skyrunning-serbia.com\/?p=2759"},"modified":"2016-05-19T21:02:32","modified_gmt":"2016-05-19T19:02:32","slug":"garmin-skystairs-14-maj-2016-zubin-potok","status":"publish","type":"post","link":"https:\/\/www.skyrunning-serbia.com\/en\/garmin-skystairs-14-maj-2016-zubin-potok\/","title":{"rendered":"Garmin SkyStairs 14.maj 2016. \u2013 Zubin Potok"},"content":{"rendered":"<p>Kao \u0161to smo pisali pre trke, svako ko nije do\u0161ao u Zubin Potok u startu ima za \u010dim da \u017eali. Ima vi\u0161e razloga, svakako da je prvi i osnovni \u2013 STEPENICE! Pa\u017eljivo smo posmatrali ve\u0107inu takmi\u010dara kako reaguju pri prvom pogledu na tu instalaciju.<br \/>\nOdu\u0161evljenje, strahopo\u0161tovanje, izazov, neverica&#8230;Isto kao i kad smo mi prvi put obi\u0161li tu lokaciju u novembru 2015. Za razliku od onih kod Valjeva (Gradac) ove su lep\u0161e, prakti\u010dnije i u prelepoj \u0161umi. Jedino \u0161to su malo kra\u0107e od tih Valjeskih ali to je i bio plus, s obzirom koliko su se trka\u010di namu\u010dili a i organizaciji nije bilo ni\u0161ta lak\u0161e.<!--more--><\/p>\n<p>Drugi razlog je, ne velik broj prijavljenih kao \u0161to je to obi\u010daj na na\u0161im trkama (100 plus u\u010desnika ) \u0161to je u startu zna\u010dilo da \u0107e biti bolja zabava i dru\u017eenje. Zanimljiva stvar, na ovoj trci su bili i najspremniji trka\u010di a vala i trka\u010dice, konkurencija je bila najja\u010da. Tre\u0107i razlog je Berim i nedelja, ferata i planinarska tura za po\u017eeleti. Nema ko nam nije pisao da je odu\u0161evljen nedeljnom avanturom, bilo da je visio na litici ili pe\u0161a\u010dio ka najsevernijim vrhovima Prokletijskog masiva.\u010cetvrti razlog, potpuno druga\u010dija trka, format, pristup. Ne\u0161to novo i zanimljivo.<br \/>\nIz tog razloga, ova trka i ceo vikend program koji smo pa\u017eljivo osmi\u0161ljavali mesecima unazad, je pun pogodak. I Infoteam i Outdoor In su imali poverenje u na\u0161e iskustvo i procene da uradimo ne\u0161to novo i druga\u010dije. Nije ni \u010dudo jer ve\u0107 vi\u0161e godina zajedno sara\u0111ujemo na sli\u010dnim projektima na obostrano zadovoljstvo. Potrudili smo se poprili\u010dno oko produkcije, brending instalacija i sve je izgledalo stvarno sjajno, pogotovo no\u0107u. Navijanje je bilo vrhunsko a atmosfera takva da je na vrhu stepenica bez problema \u017eurka mogla trajati do jutra (da se organizovalo jo\u0161 par veselih uspona ekipe iz skajraning tima Jagnje\u0107e brigade).<br \/>\nTakmi\u010dari su stvarno morali dati sve od sebe i nije bilo zabu\u0161avanja. Nakon kvalifikacija koje su startovale u 11h dalje se i\u0161lo u nokaut sistem, rezultati su bili slede\u0107i:<\/p>\n<p>1. Kristijan Sto\u0161i\u0107 2:52<br \/>\n2. Milan Ivi\u0107 3:08<br \/>\n3. Milo\u0161 Miki\u0107 3:13<br \/>\n4. Du\u0161an Bazi\u0107 3:19<br \/>\n5. Zoran \u0110uki\u0107 3:27:27<br \/>\n6. Nikola Ili\u0107 3:27:74<br \/>\n7. Milan Stojanovi\u0107 3:34<br \/>\n8. Marko Samard\u017ei\u0107 3:35<br \/>\n9. Bojan Dulejan 3:43<br \/>\n10. Nemanja \u010cizmi\u0107 3:50<br \/>\n11. Damir Ljubojevi\u0107 3:55<br \/>\n12. Aleksandar Dimac 4:04<br \/>\n13. \u017divko Tomi\u0107 4:08<br \/>\n14. \u017darko \u0106ulibrk 4:15<br \/>\n15. Nemanja Radovanovi\u0107 4:18<br \/>\n16. Goran Marinkovi\u0107 4:30<br \/>\nPo sistemu prvi na \u0161esnestog, drugi na petnestog i\u0161lo se dalje u osminu finala i to je izgledalo ovako:<br \/>\n\u2022 Kristijan Sto\u0161i\u0107 \u2013 Goran Marinkovi\u0107<br \/>\n\u2022 Milan Ivi\u0107 \u2013 Nemanja Radovanovi\u0107<br \/>\n\u2022 Milo\u0161 Miki\u0107 \u2013 \u017darko \u0106ulibrk<br \/>\n\u2022 Du\u0161an Bazi\u0107 \u2013 \u017divko Tomi\u0107<br \/>\n\u2022 Zoran \u0110uki\u0107 \u2013 Aleksandar Dimac<br \/>\n\u2022 Nikola Ili\u0107 \u2013 Damir Ljubojevi\u0107<br \/>\n\u2022 Milan Stojanovi\u0107 \u2013 Nemanja \u010cizmi\u0107<br \/>\n\u2022 Marko Samard\u017ei\u0107 \u2013 Bojan Dulejan<\/p>\n<p>Bez ve\u0107ih problema svi favoriti su oti\u0161li dalje da bi u \u010detvrtfinalu krenule jake borbe.<\/p>\n<p>\u2022 Kristijan Sto\u0161i\u0107 \u2013 Bojan Dulejan<br \/>\n\u2022 Milo\u0161 Miki\u0107 \u2013 Milan Stojanovi\u0107<br \/>\n\u2022 Du\u0161an Bazi\u0107 \u2013 Nikola Ili\u0107<br \/>\n\u2022 Aleksandar Dimac \u2013 Milan Ivi\u0107<\/p>\n<p>Tu je pao prvi adrenalin, Bazi\u0107 je za malo dobio Ili\u0107a i time najavio da \u0107e ve\u010dernje trke biti na sve ili ni\u0161ta. Ve\u0107 se videlo da su svi raspolo\u017eeni za navijanje.Kompromisa nema, nije bitno vreme ve\u0107 kako izbaciti kolegu sa druge strane gelendera.Pa ako i prodje\u0161 dalje, dal \u0107e\u0161 i koliko \u0107e\u0161 imati snage za jo\u0161 jedan duel. \u017dreb za polufinale i odmor do 21h je obe\u0107avao vrhunsku zabavu:<\/p>\n<p>\u2022 Kristijan Sto\u0161i\u0107 (AK Mladost) \u2013 Milo\u0161 Miki\u0107 (AK Nik\u0161i\u0107)<br \/>\n\u2022 Du\u0161an Bazi\u0107 (Skyrunning Serbia) \u2013 Milan Ivi\u0107 (Serbia running project)<\/p>\n<p>DAME! U startu je odlu\u010deno da najbolje \u010detiri idu dalje, posle kvalifikacija:<\/p>\n<p>1. Jelena Selakovi\u0107 4:18 (kod mu\u0161karaca bi bila na poziciji 15.)<br \/>\n2. Sanja Cveti\u0107 4:26<br \/>\n3. Marija \u0110or\u0111evi\u0107 4:31<br \/>\n4. Sofija Arapovi\u0107 4:33<\/p>\n<p>Odmah je nastupio duel Selakovi\u0107 \u2013 Arapovi\u0107 pa Cveti\u0107 \u2013 \u0110or\u0111evi\u0107, u finale idu Selakovi\u0107 \u2013 Cveti\u0107. Vrlo je bitno bilo da se ide jako, jer koja dama otpadne bolje vreme se uzima i tako dobija tre\u0107eplasirana. S obzirom da je Marija imala sekund br\u017ee vreme u polufinalu od Sofije njoj je i pripala bronza. Selakovi\u0107 i Cveti\u0107 su si\u0161le na start i nije im uop\u0161te bilo lako \u0161to \u0107e i\u0107i jo\u0161 jednom. Jedini je motiv bio taj da im je poslednja tura i da se te\u0161e kako \u0107e mu\u0161karci za razliku od njih i\u0107i jo\u0161 dva puta. Jelenina disciplina je 400 i 800m pa je samim tim ve\u0107 bila vi\u0111ena na postolju, spremala se ozbiljno i to je rezultiralo pobedom. U roku od sat vremena je tri puta najbr\u017ee istr\u010dala 608 stepenika, kapa dole!<\/p>\n<p>Do 14h su se svi razi\u0161li.<\/p>\n<p>Organizacije je ostala da raspremi \u0161ta treba i postavi flejmere za no\u0107ni spektakl dok su u\u010desnici bili podeljeni u dva tabora. Njih \u010detvoro da se \u0161to bolje odmore i pripreme za no\u0107ni duel a ostali da se dobro hidriraju i spreme koreografiju za navijanje (JBG rules).<\/p>\n<p>U me\u0111uvremenu smo imali sastanak sa drugarima iz \u0160trpca i Skoplja koji su do\u0161li da napravimo sve finalne dogovore oko prvog Sky Race-a u 2016. Nema odmora, \u0160arplanina zahteva ozbiljnu organizaciju i logistiku. Dok smo trepnuli trebalo je krenuti ka Gradini i povezati plinske boce, proveriti struju i do\u010dekati najbr\u017ee.<\/p>\n<p>Svi trka\u010di su do\u0161li da navijaju, to nas je sve odu\u0161evilo. Muzika, foto \u0107elije, sve je bilo spremno za finalne borbe. Na startu samo par ljudi, maksimalna koncentracija trka\u010da, rastr\u010davaju, dobro su se zagrejali i vidi se u startu da \u0107e i\u0107i do kraja.<\/p>\n<p>Prvi par Sto\u0161i\u0107 \u2013 Miki\u0107 kre\u0107u u 21:05 dok drugi par Bazi\u0107 \u2013 Ivi\u0107 ide minut iza njih. Miki\u0107 je krenuo munjevito, u prvih 50 stepenika je bio 10m ispred Sto\u0161i\u0107a. Na pola staze je po\u010deo da posustaje, lo\u0161a taktika i procena dok je stari lisac samo dodao gas i fini\u0161irao bez problema po \u010detvrti put taj dan. O\u010dekivano je \u010dekao slede\u0107eg u finalu koji je stigao nepun minut iza njega.<\/p>\n<p>E to je bila spartanska borba i najbr\u017ee istr\u010davanje na trci, Ivi\u0107 je postavio rekord stepenica i to samo sekund br\u017ee od Sto\u0161i\u0107a \u2013 2:51. Bazi\u0107 je stigao 4 sekunde iza, publika se \u010dula do Berima! Grand finale Sto\u0161i\u0107 \u2013 Ivi\u0107, mada se u startu videlo da je Ivi\u0107 dao svoj maksimum u polufinalu i da ne\u0107e imati puno snage da parira u finalnoj trci.Dok se Bazi\u0107 posle polufinalnog okr\u0161aja i dalje dr\u017eao na nogama, Ivi\u0107 je le\u017eao na cilju.<\/p>\n<p>Polako se spu\u0161taju ka startu, Ivi\u0107 \u017eeli da se start prolongira \u0161to du\u017ee. Sto\u0161i\u0107 nije za to pa se dogovaraju da se na\u0111u \u201ena pola\u201c, tako da poslednja bitka startuje u 21:25. Sto\u0161i\u0107 o\u010dekivano izlazi prvi, videlo se da Ivi\u0107 nema snage za maksimum. To im je bila 5 trka taj dan, istr\u010dali su (ne prohodali) preko 3.000 stepenica taj dan! E to je trka i mu\u0161ki format uz stepenice a ne jednom pa idemo u potok, pa jo\u0161 i Zubin&#8230;<\/p>\n<p>\u0160ta se dalje de\u0161avalo na Gradini i na Berimu, to ostaje na Gradini i Berimu a na vama je da to do\u017eivite slede\u0107e godine. Neke stvari se ne mogu opisati, jednostavno morate ih probati. Svaka \u010dast svim u\u010desnicima a izdvoji\u0107emo Ivi\u0107a koji je bio pravo osve\u017eenje na na\u0161oj sceni.Veliki potencijal, radujemo se novim mladim nadama.<\/p>\n<p>Skyrunning or die!<\/p>\nngg_shortcode_0_placeholder","protected":false},"excerpt":{"rendered":"<p>Kao \u0161to smo pisali pre trke, svako ko nije do\u0161ao u Zubin Potok u startu ima za \u010dim da \u017eali.<span class=\"excerpt-hellip\"> [\u2026]<\/span><\/p>\n","protected":false},"author":1,"featured_media":2772,"comment_status":"closed","ping_status":"open","sticky":false,"template":"","format":"standard","meta":{"ngg_post_thumbnail":0,"footnotes":"","_links_to":"","_links_to_target":""},"categories":[5],"tags":[],"class_list":["post-2759","post","type-post","status-publish","format-standard","has-post-thumbnail","hentry","category-vesti"],"yoast_head":"<!-- This site is optimized with the Yoast SEO plugin v27.5 - https:\/\/yoast.com\/product\/yoast-seo-wordpress\/ -->\n<title>Garmin SkyStairs 14.maj 2016. \u2013 Zubin Potok - Skyrunning Serbia &amp; Montenegro<\/title>\n<meta name=\"robots\" content=\"index, follow, max-snippet:-1, max-image-preview:large, max-video-preview:-1\" \/>\n<link rel=\"canonical\" href=\"https:\/\/www.skyrunning-serbia.com\/en\/garmin-skystairs-14-maj-2016-zubin-potok\/\" \/>\n<meta property=\"og:locale\" content=\"en_US\" \/>\n<meta property=\"og:type\" content=\"article\" \/>\n<meta property=\"og:title\" content=\"Garmin SkyStairs 14.maj 2016. \u2013 Zubin Potok - Skyrunning Serbia &amp; Montenegro\" \/>\n<meta property=\"og:description\" content=\"Kao \u0161to smo pisali pre trke, svako ko nije do\u0161ao u Zubin Potok u startu ima za \u010dim da \u017eali. [\u2026]\" \/>\n<meta property=\"og:url\" content=\"https:\/\/www.skyrunning-serbia.com\/en\/garmin-skystairs-14-maj-2016-zubin-potok\/\" \/>\n<meta property=\"og:site_name\" content=\"Skyrunning Serbia &amp; Montenegro\" \/>\n<meta property=\"article:published_time\" content=\"2016-05-19T18:56:30+00:00\" \/>\n<meta property=\"article:modified_time\" content=\"2016-05-19T19:02:32+00:00\" \/>\n<meta property=\"og:image\" content=\"https:\/\/www.skyrunning-serbia.com\/wp-content\/uploads\/2016\/05\/6.jpg\" \/>\n\t<meta property=\"og:image:width\" content=\"960\" \/>\n\t<meta property=\"og:image:height\" content=\"639\" \/>\n\t<meta property=\"og:image:type\" content=\"image\/jpeg\" \/>\n<meta name=\"author\" content=\"skyadmin\" \/>\n<meta name=\"twitter:label1\" content=\"Written by\" \/>\n\t<meta name=\"twitter:data1\" content=\"skyadmin\" \/>\n\t<meta name=\"twitter:label2\" content=\"Est. reading time\" \/>\n\t<meta name=\"twitter:data2\" content=\"6 minutes\" \/>\n<script type=\"application\/ld+json\" class=\"yoast-schema-graph\">{\"@context\":\"https:\\\/\\\/schema.org\",\"@graph\":[{\"@type\":\"Article\",\"@id\":\"https:\\\/\\\/www.skyrunning-serbia.com\\\/garmin-skystairs-14-maj-2016-zubin-potok\\\/#article\",\"isPartOf\":{\"@id\":\"https:\\\/\\\/www.skyrunning-serbia.com\\\/garmin-skystairs-14-maj-2016-zubin-potok\\\/\"},\"author\":{\"name\":\"skyadmin\",\"@id\":\"https:\\\/\\\/www.skyrunning-serbia.com\\\/#\\\/schema\\\/person\\\/93198a35ee06b0979ba2c23295091fd1\"},\"headline\":\"Garmin SkyStairs 14.maj 2016. \u2013 Zubin Potok\",\"datePublished\":\"2016-05-19T18:56:30+00:00\",\"dateModified\":\"2016-05-19T19:02:32+00:00\",\"mainEntityOfPage\":{\"@id\":\"https:\\\/\\\/www.skyrunning-serbia.com\\\/garmin-skystairs-14-maj-2016-zubin-potok\\\/\"},\"wordCount\":1245,\"image\":{\"@id\":\"https:\\\/\\\/www.skyrunning-serbia.com\\\/garmin-skystairs-14-maj-2016-zubin-potok\\\/#primaryimage\"},\"thumbnailUrl\":\"https:\\\/\\\/www.skyrunning-serbia.com\\\/wp-content\\\/uploads\\\/2016\\\/05\\\/6.jpg\",\"articleSection\":[\"Vesti\"],\"inLanguage\":\"en-US\"},{\"@type\":\"WebPage\",\"@id\":\"https:\\\/\\\/www.skyrunning-serbia.com\\\/garmin-skystairs-14-maj-2016-zubin-potok\\\/\",\"url\":\"https:\\\/\\\/www.skyrunning-serbia.com\\\/garmin-skystairs-14-maj-2016-zubin-potok\\\/\",\"name\":\"Garmin SkyStairs 14.maj 2016. \u2013 Zubin Potok - Skyrunning Serbia &amp; Montenegro\",\"isPartOf\":{\"@id\":\"https:\\\/\\\/www.skyrunning-serbia.com\\\/#website\"},\"primaryImageOfPage\":{\"@id\":\"https:\\\/\\\/www.skyrunning-serbia.com\\\/garmin-skystairs-14-maj-2016-zubin-potok\\\/#primaryimage\"},\"image\":{\"@id\":\"https:\\\/\\\/www.skyrunning-serbia.com\\\/garmin-skystairs-14-maj-2016-zubin-potok\\\/#primaryimage\"},\"thumbnailUrl\":\"https:\\\/\\\/www.skyrunning-serbia.com\\\/wp-content\\\/uploads\\\/2016\\\/05\\\/6.jpg\",\"datePublished\":\"2016-05-19T18:56:30+00:00\",\"dateModified\":\"2016-05-19T19:02:32+00:00\",\"author\":{\"@id\":\"https:\\\/\\\/www.skyrunning-serbia.com\\\/#\\\/schema\\\/person\\\/93198a35ee06b0979ba2c23295091fd1\"},\"breadcrumb\":{\"@id\":\"https:\\\/\\\/www.skyrunning-serbia.com\\\/garmin-skystairs-14-maj-2016-zubin-potok\\\/#breadcrumb\"},\"inLanguage\":\"en-US\",\"potentialAction\":[{\"@type\":\"ReadAction\",\"target\":[\"https:\\\/\\\/www.skyrunning-serbia.com\\\/garmin-skystairs-14-maj-2016-zubin-potok\\\/\"]}]},{\"@type\":\"ImageObject\",\"inLanguage\":\"en-US\",\"@id\":\"https:\\\/\\\/www.skyrunning-serbia.com\\\/garmin-skystairs-14-maj-2016-zubin-potok\\\/#primaryimage\",\"url\":\"https:\\\/\\\/www.skyrunning-serbia.com\\\/wp-content\\\/uploads\\\/2016\\\/05\\\/6.jpg\",\"contentUrl\":\"https:\\\/\\\/www.skyrunning-serbia.com\\\/wp-content\\\/uploads\\\/2016\\\/05\\\/6.jpg\",\"width\":960,\"height\":639},{\"@type\":\"BreadcrumbList\",\"@id\":\"https:\\\/\\\/www.skyrunning-serbia.com\\\/garmin-skystairs-14-maj-2016-zubin-potok\\\/#breadcrumb\",\"itemListElement\":[{\"@type\":\"ListItem\",\"position\":1,\"name\":\"Home\",\"item\":\"https:\\\/\\\/www.skyrunning-serbia.com\\\/\"},{\"@type\":\"ListItem\",\"position\":2,\"name\":\"Garmin SkyStairs 14.maj 2016. \u2013 Zubin Potok\"}]},{\"@type\":\"WebSite\",\"@id\":\"https:\\\/\\\/www.skyrunning-serbia.com\\\/#website\",\"url\":\"https:\\\/\\\/www.skyrunning-serbia.com\\\/\",\"name\":\"Skyrunning Serbia &amp; Montenegro\",\"description\":\"Nebesko Tr\u010danje - Srbija\",\"potentialAction\":[{\"@type\":\"SearchAction\",\"target\":{\"@type\":\"EntryPoint\",\"urlTemplate\":\"https:\\\/\\\/www.skyrunning-serbia.com\\\/?s={search_term_string}\"},\"query-input\":{\"@type\":\"PropertyValueSpecification\",\"valueRequired\":true,\"valueName\":\"search_term_string\"}}],\"inLanguage\":\"en-US\"},{\"@type\":\"Person\",\"@id\":\"https:\\\/\\\/www.skyrunning-serbia.com\\\/#\\\/schema\\\/person\\\/93198a35ee06b0979ba2c23295091fd1\",\"name\":\"skyadmin\",\"image\":{\"@type\":\"ImageObject\",\"inLanguage\":\"en-US\",\"@id\":\"https:\\\/\\\/secure.gravatar.com\\\/avatar\\\/cef2ec2788e98eae5789495bbcd974b2be11da02117773b8568418deeedc58b6?s=96&d=mm&r=g\",\"url\":\"https:\\\/\\\/secure.gravatar.com\\\/avatar\\\/cef2ec2788e98eae5789495bbcd974b2be11da02117773b8568418deeedc58b6?s=96&d=mm&r=g\",\"contentUrl\":\"https:\\\/\\\/secure.gravatar.com\\\/avatar\\\/cef2ec2788e98eae5789495bbcd974b2be11da02117773b8568418deeedc58b6?s=96&d=mm&r=g\",\"caption\":\"skyadmin\"},\"url\":\"https:\\\/\\\/www.skyrunning-serbia.com\\\/en\\\/author\\\/skyadmin\\\/\"}]}<\/script>\n<!-- \/ Yoast SEO plugin. -->","yoast_head_json":{"title":"Garmin SkyStairs 14.maj 2016. \u2013 Zubin Potok - Skyrunning Serbia &amp; Montenegro","robots":{"index":"index","follow":"follow","max-snippet":"max-snippet:-1","max-image-preview":"max-image-preview:large","max-video-preview":"max-video-preview:-1"},"canonical":"https:\/\/www.skyrunning-serbia.com\/en\/garmin-skystairs-14-maj-2016-zubin-potok\/","og_locale":"en_US","og_type":"article","og_title":"Garmin SkyStairs 14.maj 2016. \u2013 Zubin Potok - Skyrunning Serbia &amp; Montenegro","og_description":"Kao \u0161to smo pisali pre trke, svako ko nije do\u0161ao u Zubin Potok u startu ima za \u010dim da \u017eali. [\u2026]","og_url":"https:\/\/www.skyrunning-serbia.com\/en\/garmin-skystairs-14-maj-2016-zubin-potok\/","og_site_name":"Skyrunning Serbia &amp; Montenegro","article_published_time":"2016-05-19T18:56:30+00:00","article_modified_time":"2016-05-19T19:02:32+00:00","og_image":[{"width":960,"height":639,"url":"https:\/\/www.skyrunning-serbia.com\/wp-content\/uploads\/2016\/05\/6.jpg","type":"image\/jpeg"}],"author":"skyadmin","twitter_misc":{"Written by":"skyadmin","Est. reading time":"6 minutes"},"schema":{"@context":"https:\/\/schema.org","@graph":[{"@type":"Article","@id":"https:\/\/www.skyrunning-serbia.com\/garmin-skystairs-14-maj-2016-zubin-potok\/#article","isPartOf":{"@id":"https:\/\/www.skyrunning-serbia.com\/garmin-skystairs-14-maj-2016-zubin-potok\/"},"author":{"name":"skyadmin","@id":"https:\/\/www.skyrunning-serbia.com\/#\/schema\/person\/93198a35ee06b0979ba2c23295091fd1"},"headline":"Garmin SkyStairs 14.maj 2016. \u2013 Zubin Potok","datePublished":"2016-05-19T18:56:30+00:00","dateModified":"2016-05-19T19:02:32+00:00","mainEntityOfPage":{"@id":"https:\/\/www.skyrunning-serbia.com\/garmin-skystairs-14-maj-2016-zubin-potok\/"},"wordCount":1245,"image":{"@id":"https:\/\/www.skyrunning-serbia.com\/garmin-skystairs-14-maj-2016-zubin-potok\/#primaryimage"},"thumbnailUrl":"https:\/\/www.skyrunning-serbia.com\/wp-content\/uploads\/2016\/05\/6.jpg","articleSection":["Vesti"],"inLanguage":"en-US"},{"@type":"WebPage","@id":"https:\/\/www.skyrunning-serbia.com\/garmin-skystairs-14-maj-2016-zubin-potok\/","url":"https:\/\/www.skyrunning-serbia.com\/garmin-skystairs-14-maj-2016-zubin-potok\/","name":"Garmin SkyStairs 14.maj 2016. \u2013 Zubin Potok - Skyrunning Serbia &amp; Montenegro","isPartOf":{"@id":"https:\/\/www.skyrunning-serbia.com\/#website"},"primaryImageOfPage":{"@id":"https:\/\/www.skyrunning-serbia.com\/garmin-skystairs-14-maj-2016-zubin-potok\/#primaryimage"},"image":{"@id":"https:\/\/www.skyrunning-serbia.com\/garmin-skystairs-14-maj-2016-zubin-potok\/#primaryimage"},"thumbnailUrl":"https:\/\/www.skyrunning-serbia.com\/wp-content\/uploads\/2016\/05\/6.jpg","datePublished":"2016-05-19T18:56:30+00:00","dateModified":"2016-05-19T19:02:32+00:00","author":{"@id":"https:\/\/www.skyrunning-serbia.com\/#\/schema\/person\/93198a35ee06b0979ba2c23295091fd1"},"breadcrumb":{"@id":"https:\/\/www.skyrunning-serbia.com\/garmin-skystairs-14-maj-2016-zubin-potok\/#breadcrumb"},"inLanguage":"en-US","potentialAction":[{"@type":"ReadAction","target":["https:\/\/www.skyrunning-serbia.com\/garmin-skystairs-14-maj-2016-zubin-potok\/"]}]},{"@type":"ImageObject","inLanguage":"en-US","@id":"https:\/\/www.skyrunning-serbia.com\/garmin-skystairs-14-maj-2016-zubin-potok\/#primaryimage","url":"https:\/\/www.skyrunning-serbia.com\/wp-content\/uploads\/2016\/05\/6.jpg","contentUrl":"https:\/\/www.skyrunning-serbia.com\/wp-content\/uploads\/2016\/05\/6.jpg","width":960,"height":639},{"@type":"BreadcrumbList","@id":"https:\/\/www.skyrunning-serbia.com\/garmin-skystairs-14-maj-2016-zubin-potok\/#breadcrumb","itemListElement":[{"@type":"ListItem","position":1,"name":"Home","item":"https:\/\/www.skyrunning-serbia.com\/"},{"@type":"ListItem","position":2,"name":"Garmin SkyStairs 14.maj 2016. \u2013 Zubin Potok"}]},{"@type":"WebSite","@id":"https:\/\/www.skyrunning-serbia.com\/#website","url":"https:\/\/www.skyrunning-serbia.com\/","name":"Skyrunning Serbia &amp; Montenegro","description":"Nebesko Tr\u010danje - Srbija","potentialAction":[{"@type":"SearchAction","target":{"@type":"EntryPoint","urlTemplate":"https:\/\/www.skyrunning-serbia.com\/?s={search_term_string}"},"query-input":{"@type":"PropertyValueSpecification","valueRequired":true,"valueName":"search_term_string"}}],"inLanguage":"en-US"},{"@type":"Person","@id":"https:\/\/www.skyrunning-serbia.com\/#\/schema\/person\/93198a35ee06b0979ba2c23295091fd1","name":"skyadmin","image":{"@type":"ImageObject","inLanguage":"en-US","@id":"https:\/\/secure.gravatar.com\/avatar\/cef2ec2788e98eae5789495bbcd974b2be11da02117773b8568418deeedc58b6?s=96&d=mm&r=g","url":"https:\/\/secure.gravatar.com\/avatar\/cef2ec2788e98eae5789495bbcd974b2be11da02117773b8568418deeedc58b6?s=96&d=mm&r=g","contentUrl":"https:\/\/secure.gravatar.com\/avatar\/cef2ec2788e98eae5789495bbcd974b2be11da02117773b8568418deeedc58b6?s=96&d=mm&r=g","caption":"skyadmin"},"url":"https:\/\/www.skyrunning-serbia.com\/en\/author\/skyadmin\/"}]}},"_links":{"self":[{"href":"https:\/\/www.skyrunning-serbia.com\/en\/wp-json\/wp\/v2\/posts\/2759","targetHints":{"allow":["GET"]}}],"collection":[{"href":"https:\/\/www.skyrunning-serbia.com\/en\/wp-json\/wp\/v2\/posts"}],"about":[{"href":"https:\/\/www.skyrunning-serbia.com\/en\/wp-json\/wp\/v2\/types\/post"}],"author":[{"embeddable":true,"href":"https:\/\/www.skyrunning-serbia.com\/en\/wp-json\/wp\/v2\/users\/1"}],"replies":[{"embeddable":true,"href":"https:\/\/www.skyrunning-serbia.com\/en\/wp-json\/wp\/v2\/comments?post=2759"}],"version-history":[{"count":3,"href":"https:\/\/www.skyrunning-serbia.com\/en\/wp-json\/wp\/v2\/posts\/2759\/revisions"}],"predecessor-version":[{"id":2773,"href":"https:\/\/www.skyrunning-serbia.com\/en\/wp-json\/wp\/v2\/posts\/2759\/revisions\/2773"}],"wp:featuredmedia":[{"embeddable":true,"href":"https:\/\/www.skyrunning-serbia.com\/en\/wp-json\/wp\/v2\/media\/2772"}],"wp:attachment":[{"href":"https:\/\/www.skyrunning-serbia.com\/en\/wp-json\/wp\/v2\/media?parent=2759"}],"wp:term":[{"taxonomy":"category","embeddable":true,"href":"https:\/\/www.skyrunning-serbia.com\/en\/wp-json\/wp\/v2\/categories?post=2759"},{"taxonomy":"post_tag","embeddable":true,"href":"https:\/\/www.skyrunning-serbia.com\/en\/wp-json\/wp\/v2\/tags?post=2759"}],"curies":[{"name":"wp","href":"https:\/\/api.w.org\/{rel}","templated":true}]}}